{"id":36765,"date":"2025-04-11T09:44:25","date_gmt":"2025-04-11T12:44:25","guid":{"rendered":"https:\/\/radiostudiow.com.br\/site\/?p=36765"},"modified":"2025-04-11T09:44:25","modified_gmt":"2025-04-11T12:44:25","slug":"kikinho-caminhoneiro-natural-de-paula-freitas-que-morreu-na-bahia-vai-ser-sepultado-hoje-sexta-feira","status":"publish","type":"post","link":"https:\/\/radiostudiow.com.br\/site\/2025\/04\/11\/kikinho-caminhoneiro-natural-de-paula-freitas-que-morreu-na-bahia-vai-ser-sepultado-hoje-sexta-feira\/","title":{"rendered":"&#8216;Kikinho&#8217; caminhoneiro natural de Paula Freitas que morreu na Bahia vai ser sepultado hoje sexta-feira"},"content":{"rendered":"\n<p><\/p>\n\n\n\n<figure class=\"wp-block-image size-full\"><img loading=\"lazy\" decoding=\"async\" width=\"897\" height=\"204\" src=\"https:\/\/radiostudiow.com.br\/site\/wp-content\/uploads\/2025\/03\/SITE-GRANDE5.png\" alt=\"\" class=\"wp-image-35420\" srcset=\"https:\/\/radiostudiow.com.br\/site\/wp-content\/uploads\/2025\/03\/SITE-GRANDE5.png 897w, https:\/\/radiostudiow.com.br\/site\/wp-content\/uploads\/2025\/03\/SITE-GRANDE5-300x68.png 300w, https:\/\/radiostudiow.com.br\/site\/wp-content\/uploads\/2025\/03\/SITE-GRANDE5-768x175.png 768w\" sizes=\"auto, (max-width: 897px) 100vw, 897px\" \/><\/figure>\n\n\n\n<p><\/p>\n\n\n\n<p>O grave acidente que ocorreu na manh\u00e3 da \u00faltima ter\u00e7a-feira (08), na BR-135, pr\u00f3ximo ao povoado de Malhadinha, em Formosa do Rio Preto, no oeste da Bahia, envolvendo duas carretas e resultou na morte de Jos\u00e9 Odair Claudino Barbosa, de 48 anos, conhecido como \u201cKikinho\u201d, era natural de Paula Freitas.<\/p>\n\n\n\n<p>A colis\u00e3o ocorreu no sentido Barreiras e mobilizou equipes de resgate da regi\u00e3o. \u200b<\/p>\n\n\n\n<p>Odair ficou preso \u00e0s ferragens ap\u00f3s o impacto e, apesar dos esfor\u00e7os das equipes de socorro, n\u00e3o resistiu aos ferimentos e morreu ainda no local. \u200b<\/p>\n\n\n\n<figure class=\"wp-block-image size-full\"><img loading=\"lazy\" decoding=\"async\" width=\"897\" height=\"204\" src=\"https:\/\/radiostudiow.com.br\/site\/wp-content\/uploads\/2025\/02\/SITE-GRANDE7.png\" alt=\"\" class=\"wp-image-33861\" srcset=\"https:\/\/radiostudiow.com.br\/site\/wp-content\/uploads\/2025\/02\/SITE-GRANDE7.png 897w, https:\/\/radiostudiow.com.br\/site\/wp-content\/uploads\/2025\/02\/SITE-GRANDE7-300x68.png 300w, https:\/\/radiostudiow.com.br\/site\/wp-content\/uploads\/2025\/02\/SITE-GRANDE7-768x175.png 768w\" sizes=\"auto, (max-width: 897px) 100vw, 897px\" \/><\/figure>\n\n\n\n<p><\/p>\n\n\n\n<figure class=\"wp-block-image size-full\"><img loading=\"lazy\" decoding=\"async\" width=\"678\" height=\"381\" src=\"https:\/\/radiostudiow.com.br\/site\/wp-content\/uploads\/2025\/04\/9aeed3e5-426e-48ca-bfc8-2bca161bf263.jpg\" alt=\"\" class=\"wp-image-36636\" srcset=\"https:\/\/radiostudiow.com.br\/site\/wp-content\/uploads\/2025\/04\/9aeed3e5-426e-48ca-bfc8-2bca161bf263.jpg 678w, https:\/\/radiostudiow.com.br\/site\/wp-content\/uploads\/2025\/04\/9aeed3e5-426e-48ca-bfc8-2bca161bf263-300x169.jpg 300w\" sizes=\"auto, (max-width: 678px) 100vw, 678px\" \/><\/figure>\n\n\n\n<p><\/p>\n\n\n\n<p>Ele transportava uma carga de papel\u00e3o, tendo sa\u00eddo do Maranh\u00e3o com destino \u00e0 cidade de Posse, em Goi\u00e1s.<\/p>\n\n\n\n<p>O corpo foi removido pelo Corpo de Bombeiros de Barreiras e encaminhado ao Instituto M\u00e9dico Legal (IML) local. O outro motorista envolvido no acidente, que tamb\u00e9m viajava sozinho, n\u00e3o sofreu ferimentos. \u200b<\/p>\n\n\n\n<p>De acordo com o publica\u00e7\u00e3o da Funer\u00e1ria Nossa Senhora Aparecida, o vel\u00f3rio de Jos\u00e9 Odair est\u00e1 sendo realizado no munic\u00edpio de Paulo Frontin, no pavilh\u00e3o da igreja na localidade do Ronda Jararaca , com o sepultamento marcado para a tarde desta sexta-feira (11), no cemit\u00e9rio de Rio das Antas.\u200b<\/p>\n\n\n\n<figure class=\"wp-block-image size-full\"><img loading=\"lazy\" decoding=\"async\" width=\"897\" height=\"204\" src=\"https:\/\/radiostudiow.com.br\/site\/wp-content\/uploads\/2025\/03\/image-62.png\" alt=\"\" class=\"wp-image-35859\" srcset=\"https:\/\/radiostudiow.com.br\/site\/wp-content\/uploads\/2025\/03\/image-62.png 897w, https:\/\/radiostudiow.com.br\/site\/wp-content\/uploads\/2025\/03\/image-62-300x68.png 300w, https:\/\/radiostudiow.com.br\/site\/wp-content\/uploads\/2025\/03\/image-62-768x175.png 768w\" sizes=\"auto, (max-width: 897px) 100vw, 897px\" \/><\/figure>\n\n\n\n<p><\/p>\n\n\n\n<p>Segundo o Portal Cerrado, a BR-135, especialmente o trecho entre os povoados de Malhadinha e Canabrava, \u00e9 conhecido por registrar diversos acidentes com v\u00edtimas fatais.<\/p>\n\n\n\n<p>Apesar dos investimentos em infraestrutura e fiscaliza\u00e7\u00e3o, a rodovia continua apresentando riscos significativos para os motoristas. \u200b<\/p>\n\n\n\n<p>As causas do acidente ainda est\u00e3o sendo investigadas pelas autoridades competentes.<\/p>\n\n\n\n<p>Informa\u00e7\u00f5es:<\/p>\n\n\n\n<p>Portal do Cerrado\/ Funer\u00e1ria Nossa Senhora Aparecida<\/p>\n\n\n\n<figure class=\"wp-block-image size-full\"><img loading=\"lazy\" decoding=\"async\" width=\"897\" height=\"204\" src=\"https:\/\/radiostudiow.com.br\/site\/wp-content\/uploads\/2025\/03\/BARAO-NOVO-NOTICIAS-1.jpg\" alt=\"\" class=\"wp-image-35084\" srcset=\"https:\/\/radiostudiow.com.br\/site\/wp-content\/uploads\/2025\/03\/BARAO-NOVO-NOTICIAS-1.jpg 897w, https:\/\/radiostudiow.com.br\/site\/wp-content\/uploads\/2025\/03\/BARAO-NOVO-NOTICIAS-1-300x68.jpg 300w, https:\/\/radiostudiow.com.br\/site\/wp-content\/uploads\/2025\/03\/BARAO-NOVO-NOTICIAS-1-768x175.jpg 768w\" sizes=\"auto, (max-width: 897px) 100vw, 897px\" \/><\/figure>\n\n\n\n<p><\/p>\n","protected":false},"excerpt":{"rendered":"<p>O grave acidente que ocorreu na manh\u00e3 da \u00faltima ter\u00e7a-feira (08), na BR-135, pr\u00f3ximo ao povoado de Malhadinha, em Formosa do Rio Preto, no oeste da Bahia, envolvendo duas carretas e resultou na morte de Jos\u00e9 Odair Claudino Barbosa, de 48 anos, conhecido como \u201cKikinho\u201d, era natural de Paula Freitas. A colis\u00e3o ocorreu no sentido [&hellip;]<\/p>\n","protected":false},"author":2,"featured_media":36766,"comment_status":"open","ping_status":"open","sticky":false,"template":"","format":"standard","meta":{"footnotes":""},"categories":[185],"tags":[172],"class_list":["post-36765","post","type-post","status-publish","format-standard","has-post-thumbnail","hentry","category-regional","tag-featured"],"amp_enabled":true,"_links":{"self":[{"href":"https:\/\/radiostudiow.com.br\/site\/wp-json\/wp\/v2\/posts\/36765","targetHints":{"allow":["GET"]}}],"collection":[{"href":"https:\/\/radiostudiow.com.br\/site\/wp-json\/wp\/v2\/posts"}],"about":[{"href":"https:\/\/radiostudiow.com.br\/site\/wp-json\/wp\/v2\/types\/post"}],"author":[{"embeddable":true,"href":"https:\/\/radiostudiow.com.br\/site\/wp-json\/wp\/v2\/users\/2"}],"replies":[{"embeddable":true,"href":"https:\/\/radiostudiow.com.br\/site\/wp-json\/wp\/v2\/comments?post=36765"}],"version-history":[{"count":1,"href":"https:\/\/radiostudiow.com.br\/site\/wp-json\/wp\/v2\/posts\/36765\/revisions"}],"predecessor-version":[{"id":36767,"href":"https:\/\/radiostudiow.com.br\/site\/wp-json\/wp\/v2\/posts\/36765\/revisions\/36767"}],"wp:featuredmedia":[{"embeddable":true,"href":"https:\/\/radiostudiow.com.br\/site\/wp-json\/wp\/v2\/media\/36766"}],"wp:attachment":[{"href":"https:\/\/radiostudiow.com.br\/site\/wp-json\/wp\/v2\/media?parent=36765"}],"wp:term":[{"taxonomy":"category","embeddable":true,"href":"https:\/\/radiostudiow.com.br\/site\/wp-json\/wp\/v2\/categories?post=36765"},{"taxonomy":"post_tag","embeddable":true,"href":"https:\/\/radiostudiow.com.br\/site\/wp-json\/wp\/v2\/tags?post=36765"}],"curies":[{"name":"wp","href":"https:\/\/api.w.org\/{rel}","templated":true}]}}