{"id":36771,"date":"2025-04-11T11:21:24","date_gmt":"2025-04-11T14:21:24","guid":{"rendered":"https:\/\/radiostudiow.com.br\/site\/?p=36771"},"modified":"2025-04-11T11:21:24","modified_gmt":"2025-04-11T14:21:24","slug":"caminhao-sai-da-pista-e-deixa-ferido-em-mais-um-acidente-na-br-476","status":"publish","type":"post","link":"https:\/\/radiostudiow.com.br\/site\/2025\/04\/11\/caminhao-sai-da-pista-e-deixa-ferido-em-mais-um-acidente-na-br-476\/","title":{"rendered":"Caminh\u00e3o sai da pista e deixa ferido em mais um acidente na BR-476"},"content":{"rendered":"\n<p><strong><em>Colis\u00e3o envolveu um caminh\u00e3o que saiu da pista; condutor ficou ferido e equipes de resgate atuaram rapidamente no local<\/em><\/strong><\/p>\n\n\n\n<p>Mais um acidente foi registrado na BR-476, rodovia que tem sido palco frequente de ocorr\u00eancias de tr\u00e2nsito na regi\u00e3o. O caso aconteceu por volta das 09h35min desta sexta-feira (11), no quil\u00f4metro 309, na localidade de Fluvi\u00f3polis, em S\u00e3o Mateus do Sul.<\/p>\n\n\n\n<figure class=\"wp-block-image size-full\"><img loading=\"lazy\" decoding=\"async\" width=\"897\" height=\"204\" src=\"https:\/\/radiostudiow.com.br\/site\/wp-content\/uploads\/2025\/01\/SITE-GRANDE3.png\" alt=\"\" class=\"wp-image-32900\" srcset=\"https:\/\/radiostudiow.com.br\/site\/wp-content\/uploads\/2025\/01\/SITE-GRANDE3.png 897w, https:\/\/radiostudiow.com.br\/site\/wp-content\/uploads\/2025\/01\/SITE-GRANDE3-300x68.png 300w, https:\/\/radiostudiow.com.br\/site\/wp-content\/uploads\/2025\/01\/SITE-GRANDE3-768x175.png 768w\" sizes=\"auto, (max-width: 897px) 100vw, 897px\" \/><\/figure>\n\n\n\n<p>Segundo informa\u00e7\u00f5es preliminares, um caminh\u00e3o saiu da pista e colidiu contra um anteparo. O condutor do ve\u00edculo sofreu ferimentos, ainda sem detalhes confirmados sobre a gravidade. Equipes do Corpo de Bombeiros e do SAMU foram rapidamente acionadas e prestaram os primeiros atendimentos no local.<\/p>\n\n\n\n<p>A Pol\u00edcia Rodovi\u00e1ria Federal (PRF) tamb\u00e9m foi chamada e est\u00e1 no trecho apurando as circunst\u00e2ncias do acidente. \u00c0s 9h44, a ocorr\u00eancia seguia em andamento. Este \u00e9 mais um entre diversos acidentes registrados recentemente na BR-476, rodovia que exige aten\u00e7\u00e3o redobrada dos motoristas devido \u00e0s suas condi\u00e7\u00f5es e ao alto fluxo de ve\u00edculos pesados.<\/p>\n\n\n\n<p><em>Informa\u00e7\u00f5es: Assis o Rep\u00f3rter<\/em><\/p>\n\n\n\n<figure class=\"wp-block-image size-full\"><img loading=\"lazy\" decoding=\"async\" width=\"900\" height=\"408\" src=\"https:\/\/radiostudiow.com.br\/site\/wp-content\/uploads\/2025\/03\/SITE-E-TV-1.png\" alt=\"\" class=\"wp-image-35744\" srcset=\"https:\/\/radiostudiow.com.br\/site\/wp-content\/uploads\/2025\/03\/SITE-E-TV-1.png 900w, https:\/\/radiostudiow.com.br\/site\/wp-content\/uploads\/2025\/03\/SITE-E-TV-1-300x136.png 300w, https:\/\/radiostudiow.com.br\/site\/wp-content\/uploads\/2025\/03\/SITE-E-TV-1-768x348.png 768w\" sizes=\"auto, (max-width: 900px) 100vw, 900px\" \/><\/figure>\n","protected":false},"excerpt":{"rendered":"<p>Colis\u00e3o envolveu um caminh\u00e3o que saiu da pista; condutor ficou ferido e equipes de resgate atuaram rapidamente no local Mais um acidente foi registrado na BR-476, rodovia que tem sido palco frequente de ocorr\u00eancias de tr\u00e2nsito na regi\u00e3o. O caso aconteceu por volta das 09h35min desta sexta-feira (11), no quil\u00f4metro 309, na localidade de Fluvi\u00f3polis, [&hellip;]<\/p>\n","protected":false},"author":2,"featured_media":36773,"comment_status":"open","ping_status":"open","sticky":false,"template":"","format":"standard","meta":{"footnotes":""},"categories":[185],"tags":[172],"class_list":["post-36771","post","type-post","status-publish","format-standard","has-post-thumbnail","hentry","category-regional","tag-featured"],"amp_enabled":true,"_links":{"self":[{"href":"https:\/\/radiostudiow.com.br\/site\/wp-json\/wp\/v2\/posts\/36771","targetHints":{"allow":["GET"]}}],"collection":[{"href":"https:\/\/radiostudiow.com.br\/site\/wp-json\/wp\/v2\/posts"}],"about":[{"href":"https:\/\/radiostudiow.com.br\/site\/wp-json\/wp\/v2\/types\/post"}],"author":[{"embeddable":true,"href":"https:\/\/radiostudiow.com.br\/site\/wp-json\/wp\/v2\/users\/2"}],"replies":[{"embeddable":true,"href":"https:\/\/radiostudiow.com.br\/site\/wp-json\/wp\/v2\/comments?post=36771"}],"version-history":[{"count":1,"href":"https:\/\/radiostudiow.com.br\/site\/wp-json\/wp\/v2\/posts\/36771\/revisions"}],"predecessor-version":[{"id":36774,"href":"https:\/\/radiostudiow.com.br\/site\/wp-json\/wp\/v2\/posts\/36771\/revisions\/36774"}],"wp:featuredmedia":[{"embeddable":true,"href":"https:\/\/radiostudiow.com.br\/site\/wp-json\/wp\/v2\/media\/36773"}],"wp:attachment":[{"href":"https:\/\/radiostudiow.com.br\/site\/wp-json\/wp\/v2\/media?parent=36771"}],"wp:term":[{"taxonomy":"category","embeddable":true,"href":"https:\/\/radiostudiow.com.br\/site\/wp-json\/wp\/v2\/categories?post=36771"},{"taxonomy":"post_tag","embeddable":true,"href":"https:\/\/radiostudiow.com.br\/site\/wp-json\/wp\/v2\/tags?post=36771"}],"curies":[{"name":"wp","href":"https:\/\/api.w.org\/{rel}","templated":true}]}}