{"id":36787,"date":"2025-04-11T16:21:45","date_gmt":"2025-04-11T19:21:45","guid":{"rendered":"https:\/\/radiostudiow.com.br\/site\/?p=36787"},"modified":"2025-04-11T16:21:45","modified_gmt":"2025-04-11T19:21:45","slug":"deputados-estaduais-e-federais-se-reunirao-com-ministra-gleisi-hoffman-para-discutir-solucoes-para-a-br-476","status":"publish","type":"post","link":"https:\/\/radiostudiow.com.br\/site\/2025\/04\/11\/deputados-estaduais-e-federais-se-reunirao-com-ministra-gleisi-hoffman-para-discutir-solucoes-para-a-br-476\/","title":{"rendered":"Deputados estaduais e federais se reunir\u00e3o com Ministra Gleisi Hoffman para discutir solu\u00e7\u00f5es para a BR-476"},"content":{"rendered":"\n<p>Ocorrer\u00e1 em Bras\u00edlia junto \u00e0 Ministra Gleisi Hoffman e demais integrantes do Governo Federal, reuni\u00e3o para discutir solu\u00e7\u00f5es para os problemas na BR-476, trecho de S\u00e3o Mateus do Sul a Uni\u00e3o da Vit\u00f3ria por volta das 11 horas da pr\u00f3ximo pr\u00f3xima quinta-feira (24).<\/p>\n\n\n\n<p><strong>Dentre a pauta est\u00e3o:<\/strong><\/p>\n\n\n\n<p>\u2013 Os servi\u00e7os de melhoria, manuten\u00e7\u00e3o e consertos da pista, j\u00e1 iniciados pelo Governo Federal num valor de R$ 83 milh\u00f5es;<\/p>\n\n\n\n<p>\u2013 A poss\u00edvel parceria entre os governos Federal e Estadual para recupera\u00e7\u00e3o e revitaliza\u00e7\u00e3o completa da rodovia (por meio de concess\u00e3o ao Estado ou outra modalidade que permita investimentos do Governo paranaense tamb\u00e9m na rodovia federal);<\/p>\n\n\n\n<figure class=\"wp-block-image size-full\"><img loading=\"lazy\" decoding=\"async\" width=\"897\" height=\"204\" src=\"https:\/\/radiostudiow.com.br\/site\/wp-content\/uploads\/2025\/03\/image-62.png\" alt=\"\" class=\"wp-image-35859\" srcset=\"https:\/\/radiostudiow.com.br\/site\/wp-content\/uploads\/2025\/03\/image-62.png 897w, https:\/\/radiostudiow.com.br\/site\/wp-content\/uploads\/2025\/03\/image-62-300x68.png 300w, https:\/\/radiostudiow.com.br\/site\/wp-content\/uploads\/2025\/03\/image-62-768x175.png 768w\" sizes=\"auto, (max-width: 897px) 100vw, 897px\" \/><\/figure>\n\n\n\n<p>\u2013 Al\u00e9m de planos de trabalho emergenciais, sinaliza\u00e7\u00e3o e fiscaliza\u00e7\u00e3o.<\/p>\n\n\n\n<p>Essa reuni\u00e3o \u00e9 o ponto mais importante e concreto para solucionar problemas de d\u00e9cadas, para garantir maior seguran\u00e7a, trafegabilidade e desenvolvimento para a Regi\u00e3o Sul do Estado.<\/p>\n\n\n\n<p>Estar\u00e3o presentes o L\u00edder da Oposi\u00e7\u00e3o na Assembleia Legislativa, Arilson Chiorato (PT); o L\u00edder do Governo, Hussen Bakri (PSD); os deputados estaduais do PT: Ana Julia, Luciana Rafagnin, Dr. Antenor, Professor Lemos, Renato Freitas; os deputados federais do PT: Tadeu Veneri, Elton Welter, Lenir de Assis e Zeca Dirceu; al\u00e9m de outros parlamentares paranaenses.<\/p>\n\n\n\n<p><em>Fonte: Assessoria<\/em><\/p>\n","protected":false},"excerpt":{"rendered":"<p>Ocorrer\u00e1 em Bras\u00edlia junto \u00e0 Ministra Gleisi Hoffman e demais integrantes do Governo Federal, reuni\u00e3o para discutir solu\u00e7\u00f5es para os problemas na BR-476, trecho de S\u00e3o Mateus do Sul a Uni\u00e3o da Vit\u00f3ria por volta das 11 horas da pr\u00f3ximo pr\u00f3xima quinta-feira (24). Dentre a pauta est\u00e3o: \u2013 Os servi\u00e7os de melhoria, manuten\u00e7\u00e3o e consertos [&hellip;]<\/p>\n","protected":false},"author":2,"featured_media":36788,"comment_status":"open","ping_status":"open","sticky":false,"template":"","format":"standard","meta":{"footnotes":""},"categories":[185],"tags":[172],"class_list":["post-36787","post","type-post","status-publish","format-standard","has-post-thumbnail","hentry","category-regional","tag-featured"],"amp_enabled":true,"_links":{"self":[{"href":"https:\/\/radiostudiow.com.br\/site\/wp-json\/wp\/v2\/posts\/36787","targetHints":{"allow":["GET"]}}],"collection":[{"href":"https:\/\/radiostudiow.com.br\/site\/wp-json\/wp\/v2\/posts"}],"about":[{"href":"https:\/\/radiostudiow.com.br\/site\/wp-json\/wp\/v2\/types\/post"}],"author":[{"embeddable":true,"href":"https:\/\/radiostudiow.com.br\/site\/wp-json\/wp\/v2\/users\/2"}],"replies":[{"embeddable":true,"href":"https:\/\/radiostudiow.com.br\/site\/wp-json\/wp\/v2\/comments?post=36787"}],"version-history":[{"count":1,"href":"https:\/\/radiostudiow.com.br\/site\/wp-json\/wp\/v2\/posts\/36787\/revisions"}],"predecessor-version":[{"id":36789,"href":"https:\/\/radiostudiow.com.br\/site\/wp-json\/wp\/v2\/posts\/36787\/revisions\/36789"}],"wp:featuredmedia":[{"embeddable":true,"href":"https:\/\/radiostudiow.com.br\/site\/wp-json\/wp\/v2\/media\/36788"}],"wp:attachment":[{"href":"https:\/\/radiostudiow.com.br\/site\/wp-json\/wp\/v2\/media?parent=36787"}],"wp:term":[{"taxonomy":"category","embeddable":true,"href":"https:\/\/radiostudiow.com.br\/site\/wp-json\/wp\/v2\/categories?post=36787"},{"taxonomy":"post_tag","embeddable":true,"href":"https:\/\/radiostudiow.com.br\/site\/wp-json\/wp\/v2\/tags?post=36787"}],"curies":[{"name":"wp","href":"https:\/\/api.w.org\/{rel}","templated":true}]}}