{"id":36799,"date":"2025-04-11T18:45:42","date_gmt":"2025-04-11T21:45:42","guid":{"rendered":"https:\/\/radiostudiow.com.br\/site\/?p=36799"},"modified":"2025-04-11T18:49:28","modified_gmt":"2025-04-11T21:49:28","slug":"atualizacao-acidente-entre-caminhoes-mobiliza-resgate-na-br-476-em-sao-mateus-do-sul","status":"publish","type":"post","link":"https:\/\/radiostudiow.com.br\/site\/2025\/04\/11\/atualizacao-acidente-entre-caminhoes-mobiliza-resgate-na-br-476-em-sao-mateus-do-sul\/","title":{"rendered":"ATUALIZA\u00c7\u00c3O. Acidente entre caminh\u00f5es mobiliza resgate na BR-476 em S\u00e3o Mateus do Sul"},"content":{"rendered":"\n<p><\/p>\n\n\n\n<figure class=\"wp-block-image size-full\"><img loading=\"lazy\" decoding=\"async\" width=\"897\" height=\"204\" src=\"https:\/\/radiostudiow.com.br\/site\/wp-content\/uploads\/2024\/01\/SITE-GRANDE3.png\" alt=\"zaions\" class=\"wp-image-18936\" srcset=\"https:\/\/radiostudiow.com.br\/site\/wp-content\/uploads\/2024\/01\/SITE-GRANDE3.png 897w, https:\/\/radiostudiow.com.br\/site\/wp-content\/uploads\/2024\/01\/SITE-GRANDE3-300x68.png 300w, https:\/\/radiostudiow.com.br\/site\/wp-content\/uploads\/2024\/01\/SITE-GRANDE3-768x175.png 768w\" sizes=\"auto, (max-width: 897px) 100vw, 897px\" \/><\/figure>\n\n\n\n<p><\/p>\n\n\n\n<p>Na manh\u00e3 desta sexta-feira (11), um acidente envolvendo dois caminh\u00f5es exigiu a mobiliza\u00e7\u00e3o de equipes de resgate na BR-476, no quil\u00f4metro 309, nas proximidades da ponte do Rio Claro, em S\u00e3o Mateus do Sul (PR). O Corpo de Bombeiros foi acionado para atender \u00e0 ocorr\u00eancia.<\/p>\n\n\n\n<p>Segundo informa\u00e7\u00f5es apuradas no local, a colis\u00e3o envolveu dois ve\u00edculos de carga: um caminh\u00e3o que transportava 29 toneladas de sementes de milho e outro pertencente \u00e0 empresa Venazi Transportes, respons\u00e1vel por encomendas. Com o impacto, o furg\u00e3o da transportadora ficou lateralizado \u00e0 esquerda da pista.<\/p>\n\n\n\n<figure class=\"wp-block-image size-full\"><img loading=\"lazy\" decoding=\"async\" width=\"897\" height=\"204\" src=\"https:\/\/radiostudiow.com.br\/site\/wp-content\/uploads\/2025\/01\/SITE-GRANDE3.png\" alt=\"\" class=\"wp-image-32900\" srcset=\"https:\/\/radiostudiow.com.br\/site\/wp-content\/uploads\/2025\/01\/SITE-GRANDE3.png 897w, https:\/\/radiostudiow.com.br\/site\/wp-content\/uploads\/2025\/01\/SITE-GRANDE3-300x68.png 300w, https:\/\/radiostudiow.com.br\/site\/wp-content\/uploads\/2025\/01\/SITE-GRANDE3-768x175.png 768w\" sizes=\"auto, (max-width: 897px) 100vw, 897px\" \/><\/figure>\n\n\n\n<p><\/p>\n\n\n\n<p>Duas v\u00edtimas foram identificadas. Um dos motoristas, do sexo masculino, foi encontrado consciente e orientado. Ele recebeu os primeiros atendimentos de uma ambul\u00e2ncia do munic\u00edpio de Paulo Frontin e, posteriormente, foi encaminhado ao Pronto Atendimento de S\u00e3o Mateus do Sul por uma equipe do SAMU.<\/p>\n\n\n\n<p>A segunda v\u00edtima, tamb\u00e9m homem, n\u00e3o apresentava ferimentos vis\u00edveis e recusou o encaminhamento para atendimento m\u00e9dico ap\u00f3s ser avaliado pelas equipes de resgate.<\/p>\n\n\n\n<p>As causas do acidente ainda ser\u00e3o investigadas pelas autoridades competentes. O tr\u00e2nsito na regi\u00e3o apresentou lentid\u00e3o durante o atendimento, mas foi liberado ap\u00f3s a remo\u00e7\u00e3o dos ve\u00edculos.<\/p>\n\n\n\n<p>Fonte|: RDX<\/p>\n\n\n\n<figure class=\"wp-block-image size-full\"><img loading=\"lazy\" decoding=\"async\" width=\"897\" height=\"204\" src=\"https:\/\/radiostudiow.com.br\/site\/wp-content\/uploads\/2025\/03\/BARAO-NOVO-NOTICIAS-1.jpg\" alt=\"\" class=\"wp-image-35084\" srcset=\"https:\/\/radiostudiow.com.br\/site\/wp-content\/uploads\/2025\/03\/BARAO-NOVO-NOTICIAS-1.jpg 897w, https:\/\/radiostudiow.com.br\/site\/wp-content\/uploads\/2025\/03\/BARAO-NOVO-NOTICIAS-1-300x68.jpg 300w, https:\/\/radiostudiow.com.br\/site\/wp-content\/uploads\/2025\/03\/BARAO-NOVO-NOTICIAS-1-768x175.jpg 768w\" sizes=\"auto, (max-width: 897px) 100vw, 897px\" \/><\/figure>\n\n\n\n<p><\/p>\n\n\n\n<figure class=\"wp-block-image size-full\"><img loading=\"lazy\" decoding=\"async\" width=\"576\" height=\"1024\" src=\"https:\/\/radiostudiow.com.br\/site\/wp-content\/uploads\/2025\/04\/WhatsApp-Image-2025-04-11-at-14.36.50-576x1024-1.jpeg\" alt=\"\" class=\"wp-image-36804\" srcset=\"https:\/\/radiostudiow.com.br\/site\/wp-content\/uploads\/2025\/04\/WhatsApp-Image-2025-04-11-at-14.36.50-576x1024-1.jpeg 576w, https:\/\/radiostudiow.com.br\/site\/wp-content\/uploads\/2025\/04\/WhatsApp-Image-2025-04-11-at-14.36.50-576x1024-1-169x300.jpeg 169w\" sizes=\"auto, (max-width: 576px) 100vw, 576px\" \/><\/figure>\n","protected":false},"excerpt":{"rendered":"<p>Na manh\u00e3 desta sexta-feira (11), um acidente envolvendo dois caminh\u00f5es exigiu a mobiliza\u00e7\u00e3o de equipes de resgate na BR-476, no quil\u00f4metro 309, nas proximidades da ponte do Rio Claro, em S\u00e3o Mateus do Sul (PR). O Corpo de Bombeiros foi acionado para atender \u00e0 ocorr\u00eancia. Segundo informa\u00e7\u00f5es apuradas no local, a colis\u00e3o envolveu dois ve\u00edculos [&hellip;]<\/p>\n","protected":false},"author":2,"featured_media":36802,"comment_status":"open","ping_status":"open","sticky":false,"template":"","format":"standard","meta":{"footnotes":""},"categories":[185],"tags":[172],"class_list":["post-36799","post","type-post","status-publish","format-standard","has-post-thumbnail","hentry","category-regional","tag-featured"],"amp_enabled":true,"_links":{"self":[{"href":"https:\/\/radiostudiow.com.br\/site\/wp-json\/wp\/v2\/posts\/36799","targetHints":{"allow":["GET"]}}],"collection":[{"href":"https:\/\/radiostudiow.com.br\/site\/wp-json\/wp\/v2\/posts"}],"about":[{"href":"https:\/\/radiostudiow.com.br\/site\/wp-json\/wp\/v2\/types\/post"}],"author":[{"embeddable":true,"href":"https:\/\/radiostudiow.com.br\/site\/wp-json\/wp\/v2\/users\/2"}],"replies":[{"embeddable":true,"href":"https:\/\/radiostudiow.com.br\/site\/wp-json\/wp\/v2\/comments?post=36799"}],"version-history":[{"count":2,"href":"https:\/\/radiostudiow.com.br\/site\/wp-json\/wp\/v2\/posts\/36799\/revisions"}],"predecessor-version":[{"id":36806,"href":"https:\/\/radiostudiow.com.br\/site\/wp-json\/wp\/v2\/posts\/36799\/revisions\/36806"}],"wp:featuredmedia":[{"embeddable":true,"href":"https:\/\/radiostudiow.com.br\/site\/wp-json\/wp\/v2\/media\/36802"}],"wp:attachment":[{"href":"https:\/\/radiostudiow.com.br\/site\/wp-json\/wp\/v2\/media?parent=36799"}],"wp:term":[{"taxonomy":"category","embeddable":true,"href":"https:\/\/radiostudiow.com.br\/site\/wp-json\/wp\/v2\/categories?post=36799"},{"taxonomy":"post_tag","embeddable":true,"href":"https:\/\/radiostudiow.com.br\/site\/wp-json\/wp\/v2\/tags?post=36799"}],"curies":[{"name":"wp","href":"https:\/\/api.w.org\/{rel}","templated":true}]}}