{"id":36807,"date":"2025-04-11T19:12:51","date_gmt":"2025-04-11T22:12:51","guid":{"rendered":"https:\/\/radiostudiow.com.br\/site\/?p=36807"},"modified":"2025-04-11T19:12:51","modified_gmt":"2025-04-11T22:12:51","slug":"caso-sagui-justica-condena-dois-reus-por-assassinato-de-trabalhador-em-porto-uniao-um-e-absolvido","status":"publish","type":"post","link":"https:\/\/radiostudiow.com.br\/site\/2025\/04\/11\/caso-sagui-justica-condena-dois-reus-por-assassinato-de-trabalhador-em-porto-uniao-um-e-absolvido\/","title":{"rendered":"Caso Sagui: Justi\u00e7a condena dois r\u00e9us por assassinato de trabalhador em Porto Uni\u00e3o; um \u00e9 absolvido"},"content":{"rendered":"\n<p><\/p>\n\n\n\n<figure class=\"wp-block-image size-full\"><img loading=\"lazy\" decoding=\"async\" width=\"897\" height=\"204\" src=\"https:\/\/radiostudiow.com.br\/site\/wp-content\/uploads\/2025\/03\/image-62.png\" alt=\"\" class=\"wp-image-35859\" srcset=\"https:\/\/radiostudiow.com.br\/site\/wp-content\/uploads\/2025\/03\/image-62.png 897w, https:\/\/radiostudiow.com.br\/site\/wp-content\/uploads\/2025\/03\/image-62-300x68.png 300w, https:\/\/radiostudiow.com.br\/site\/wp-content\/uploads\/2025\/03\/image-62-768x175.png 768w\" sizes=\"auto, (max-width: 897px) 100vw, 897px\" \/><\/figure>\n\n\n\n<p><\/p>\n\n\n\n<p>Em um julgamento marcado por como\u00e7\u00e3o no f\u00f3rum de Porto Uni\u00e3o, os r\u00e9us Niumar Schmitz, de 42 anos, e Jean Carlos de Souza, de 27, foram condenados pelo assassinato de Everson Moreira, conhecido como Sagui. <\/p>\n\n\n\n<p>O crime ocorreu em mar\u00e7o de 2024 e teve grande repercuss\u00e3o no Vale do Igua\u00e7u. O terceiro r\u00e9u, Remi de Lima, de 32 anos, foi absolvido.<\/p>\n\n\n\n<figure class=\"wp-block-image size-large\"><img loading=\"lazy\" decoding=\"async\" width=\"1024\" height=\"678\" src=\"https:\/\/radiostudiow.com.br\/site\/wp-content\/uploads\/2025\/04\/juiri-1024x678.jpg\" alt=\"\" class=\"wp-image-36808\" srcset=\"https:\/\/radiostudiow.com.br\/site\/wp-content\/uploads\/2025\/04\/juiri-1024x678.jpg 1024w, https:\/\/radiostudiow.com.br\/site\/wp-content\/uploads\/2025\/04\/juiri-300x199.jpg 300w, https:\/\/radiostudiow.com.br\/site\/wp-content\/uploads\/2025\/04\/juiri-768x509.jpg 768w, https:\/\/radiostudiow.com.br\/site\/wp-content\/uploads\/2025\/04\/juiri.jpg 1027w\" sizes=\"auto, (max-width: 1024px) 100vw, 1024px\" \/><\/figure>\n\n\n\n<p><\/p>\n\n\n\n<figure class=\"wp-block-image size-full\"><img loading=\"lazy\" decoding=\"async\" width=\"897\" height=\"204\" src=\"https:\/\/radiostudiow.com.br\/site\/wp-content\/uploads\/2025\/03\/SITE-GRANDE5.png\" alt=\"\" class=\"wp-image-35420\" srcset=\"https:\/\/radiostudiow.com.br\/site\/wp-content\/uploads\/2025\/03\/SITE-GRANDE5.png 897w, https:\/\/radiostudiow.com.br\/site\/wp-content\/uploads\/2025\/03\/SITE-GRANDE5-300x68.png 300w, https:\/\/radiostudiow.com.br\/site\/wp-content\/uploads\/2025\/03\/SITE-GRANDE5-768x175.png 768w\" sizes=\"auto, (max-width: 897px) 100vw, 897px\" \/><\/figure>\n\n\n\n<p><\/p>\n\n\n\n<p>O j\u00fari popular teve in\u00edcio na manh\u00e3 de quinta-feira (10) e se estendeu por 21 horas ao longo de dois dias, sendo encerrado na sexta-feira (11), com senten\u00e7a proferida pela ju\u00edza Let\u00edcia Bodanese Rodegheri Marafon.<\/p>\n\n\n\n<p>Niumar, apontado como mandante do crime, foi condenado a 10 anos e 6 meses de pris\u00e3o. Segundo o Minist\u00e9rio P\u00fablico, ele queria vingar a absolvi\u00e7\u00e3o de seu irm\u00e3o, acusado de estupro, e encomendou o crime a Jean, ap\u00f3s adquirir a arma com ele.<\/p>\n\n\n\n<p>Jean Carlos, considerado um dos l\u00edderes de uma fac\u00e7\u00e3o criminosa do bairro Limeira, recebeu pena de 24 anos e 8 meses. Ele teria vendido a arma e planejado a execu\u00e7\u00e3o.<\/p>\n\n\n\n<p>J\u00e1 Remi de Lima, acusado de participar da articula\u00e7\u00e3o do homic\u00eddio, foi absolvido ap\u00f3s a defesa apresentar provas que afastaram seu envolvimento direto. Seu depoimento foi prestado de local n\u00e3o divulgado.<\/p>\n\n\n\n<p>Durante o julgamento, conversas por mensagem e \u00e1udios refor\u00e7aram a liga\u00e7\u00e3o dos acusados com uma organiza\u00e7\u00e3o criminosa. A investiga\u00e7\u00e3o, que durou mais de um m\u00eas, foi considerada complexa pelas autoridades.<\/p>\n\n\n\n<p>Antes deste j\u00fari, outros dois envolvidos j\u00e1 haviam sido condenados em novembro de 2024: Levi de Oliveira (20 anos e 10 meses) e Gabriel de Brito Miranda (18 anos e 10 meses). Everson Moreira foi morto por engano enquanto esperava o \u00f4nibus para o trabalho, \u00e0s 6h30 da manh\u00e3.<\/p>\n\n\n\n<figure class=\"wp-block-image size-full\"><img loading=\"lazy\" decoding=\"async\" width=\"598\" height=\"204\" src=\"https:\/\/radiostudiow.com.br\/site\/wp-content\/uploads\/2025\/01\/SITE-MEDIO7.png\" alt=\"\" class=\"wp-image-32801\" srcset=\"https:\/\/radiostudiow.com.br\/site\/wp-content\/uploads\/2025\/01\/SITE-MEDIO7.png 598w, https:\/\/radiostudiow.com.br\/site\/wp-content\/uploads\/2025\/01\/SITE-MEDIO7-300x102.png 300w\" sizes=\"auto, (max-width: 598px) 100vw, 598px\" \/><\/figure>\n\n\n\n<p><\/p>\n\n\n\n<p>Com as novas senten\u00e7as, quatro dos cinco acusados pelo crime foram condenados, totalizando quase 75 anos de pris\u00e3o. <\/p>\n\n\n\n<p><\/p>\n\n\n\n<p>Fonte: Portal VVale<\/p>\n\n\n\n<p>FOTO: LUANA ONEDA &#8211; UB PLAY TV<\/p>\n","protected":false},"excerpt":{"rendered":"<p>Em um julgamento marcado por como\u00e7\u00e3o no f\u00f3rum de Porto Uni\u00e3o, os r\u00e9us Niumar Schmitz, de 42 anos, e Jean Carlos de Souza, de 27, foram condenados pelo assassinato de Everson Moreira, conhecido como Sagui. O crime ocorreu em mar\u00e7o de 2024 e teve grande repercuss\u00e3o no Vale do Igua\u00e7u. O terceiro r\u00e9u, Remi de [&hellip;]<\/p>\n","protected":false},"author":2,"featured_media":36809,"comment_status":"open","ping_status":"open","sticky":false,"template":"","format":"standard","meta":{"footnotes":""},"categories":[185],"tags":[172],"class_list":["post-36807","post","type-post","status-publish","format-standard","has-post-thumbnail","hentry","category-regional","tag-featured"],"amp_enabled":true,"_links":{"self":[{"href":"https:\/\/radiostudiow.com.br\/site\/wp-json\/wp\/v2\/posts\/36807","targetHints":{"allow":["GET"]}}],"collection":[{"href":"https:\/\/radiostudiow.com.br\/site\/wp-json\/wp\/v2\/posts"}],"about":[{"href":"https:\/\/radiostudiow.com.br\/site\/wp-json\/wp\/v2\/types\/post"}],"author":[{"embeddable":true,"href":"https:\/\/radiostudiow.com.br\/site\/wp-json\/wp\/v2\/users\/2"}],"replies":[{"embeddable":true,"href":"https:\/\/radiostudiow.com.br\/site\/wp-json\/wp\/v2\/comments?post=36807"}],"version-history":[{"count":1,"href":"https:\/\/radiostudiow.com.br\/site\/wp-json\/wp\/v2\/posts\/36807\/revisions"}],"predecessor-version":[{"id":36810,"href":"https:\/\/radiostudiow.com.br\/site\/wp-json\/wp\/v2\/posts\/36807\/revisions\/36810"}],"wp:featuredmedia":[{"embeddable":true,"href":"https:\/\/radiostudiow.com.br\/site\/wp-json\/wp\/v2\/media\/36809"}],"wp:attachment":[{"href":"https:\/\/radiostudiow.com.br\/site\/wp-json\/wp\/v2\/media?parent=36807"}],"wp:term":[{"taxonomy":"category","embeddable":true,"href":"https:\/\/radiostudiow.com.br\/site\/wp-json\/wp\/v2\/categories?post=36807"},{"taxonomy":"post_tag","embeddable":true,"href":"https:\/\/radiostudiow.com.br\/site\/wp-json\/wp\/v2\/tags?post=36807"}],"curies":[{"name":"wp","href":"https:\/\/api.w.org\/{rel}","templated":true}]}}