{"id":36817,"date":"2025-04-12T09:01:36","date_gmt":"2025-04-12T12:01:36","guid":{"rendered":"https:\/\/radiostudiow.com.br\/site\/?p=36817"},"modified":"2025-04-12T09:01:36","modified_gmt":"2025-04-12T12:01:36","slug":"incendio-destroi-casa-abandonada-usada-por-usuarios-de-drogas-em-uniao-da-vitoria","status":"publish","type":"post","link":"https:\/\/radiostudiow.com.br\/site\/2025\/04\/12\/incendio-destroi-casa-abandonada-usada-por-usuarios-de-drogas-em-uniao-da-vitoria\/","title":{"rendered":"Inc\u00eandio destr\u00f3i casa abandonada usada por usu\u00e1rios de drogas em Uni\u00e3o da Vit\u00f3ria"},"content":{"rendered":"\n<p>O Corpo de Bombeiros de Uni\u00e3o da Vit\u00f3ria foi acionado para atender a uma situa\u00e7\u00e3o de inc\u00eandio em resid\u00eancia na Rua Presidente Jo\u00e3o Caf\u00e9 Filho no bairro Rocio na noite desta sexta-feira (11).<\/p>\n\n\n\n<p>Ao chegar no local foi encontrada uma casa de madeira que j\u00e1 estava completamente consumida pelas chamas, sendo realizado o combate ao inc\u00eandio e na sequ\u00eancia o rescaldo.<\/p>\n\n\n\n<p>N\u00e3o havia ningu\u00e9m morando na resid\u00eancia, vinha sendo usada por usu\u00e1rios de drogas e que possivelmente atearam fogo no local. Uma equipe da Pol\u00edcia Militar prestou apoio\u00a0na\u00a0ocorr\u00eancia.<\/p>\n\n\n\n<figure class=\"wp-block-image size-full\"><img loading=\"lazy\" decoding=\"async\" width=\"598\" height=\"204\" src=\"https:\/\/radiostudiow.com.br\/site\/wp-content\/uploads\/2025\/01\/SITE-MEDIO3.png\" alt=\"\" class=\"wp-image-32815\" srcset=\"https:\/\/radiostudiow.com.br\/site\/wp-content\/uploads\/2025\/01\/SITE-MEDIO3.png 598w, https:\/\/radiostudiow.com.br\/site\/wp-content\/uploads\/2025\/01\/SITE-MEDIO3-300x102.png 300w\" sizes=\"auto, (max-width: 598px) 100vw, 598px\" \/><\/figure>\n\n\n\n<figure class=\"wp-block-image size-full\"><img loading=\"lazy\" decoding=\"async\" width=\"660\" height=\"371\" src=\"https:\/\/radiostudiow.com.br\/site\/wp-content\/uploads\/2025\/04\/image-44.png\" alt=\"\" class=\"wp-image-36820\" srcset=\"https:\/\/radiostudiow.com.br\/site\/wp-content\/uploads\/2025\/04\/image-44.png 660w, https:\/\/radiostudiow.com.br\/site\/wp-content\/uploads\/2025\/04\/image-44-300x169.png 300w\" sizes=\"auto, (max-width: 660px) 100vw, 660px\" \/><figcaption class=\"wp-element-caption\">Foto: Tiago Amaral<\/figcaption><\/figure>\n","protected":false},"excerpt":{"rendered":"<p>O Corpo de Bombeiros de Uni\u00e3o da Vit\u00f3ria foi acionado para atender a uma situa\u00e7\u00e3o de inc\u00eandio em resid\u00eancia na Rua Presidente Jo\u00e3o Caf\u00e9 Filho no bairro Rocio na noite desta sexta-feira (11). Ao chegar no local foi encontrada uma casa de madeira que j\u00e1 estava completamente consumida pelas chamas, sendo realizado o combate ao [&hellip;]<\/p>\n","protected":false},"author":2,"featured_media":36819,"comment_status":"open","ping_status":"open","sticky":false,"template":"","format":"standard","meta":{"footnotes":""},"categories":[185],"tags":[172],"class_list":["post-36817","post","type-post","status-publish","format-standard","has-post-thumbnail","hentry","category-regional","tag-featured"],"amp_enabled":true,"_links":{"self":[{"href":"https:\/\/radiostudiow.com.br\/site\/wp-json\/wp\/v2\/posts\/36817","targetHints":{"allow":["GET"]}}],"collection":[{"href":"https:\/\/radiostudiow.com.br\/site\/wp-json\/wp\/v2\/posts"}],"about":[{"href":"https:\/\/radiostudiow.com.br\/site\/wp-json\/wp\/v2\/types\/post"}],"author":[{"embeddable":true,"href":"https:\/\/radiostudiow.com.br\/site\/wp-json\/wp\/v2\/users\/2"}],"replies":[{"embeddable":true,"href":"https:\/\/radiostudiow.com.br\/site\/wp-json\/wp\/v2\/comments?post=36817"}],"version-history":[{"count":1,"href":"https:\/\/radiostudiow.com.br\/site\/wp-json\/wp\/v2\/posts\/36817\/revisions"}],"predecessor-version":[{"id":36821,"href":"https:\/\/radiostudiow.com.br\/site\/wp-json\/wp\/v2\/posts\/36817\/revisions\/36821"}],"wp:featuredmedia":[{"embeddable":true,"href":"https:\/\/radiostudiow.com.br\/site\/wp-json\/wp\/v2\/media\/36819"}],"wp:attachment":[{"href":"https:\/\/radiostudiow.com.br\/site\/wp-json\/wp\/v2\/media?parent=36817"}],"wp:term":[{"taxonomy":"category","embeddable":true,"href":"https:\/\/radiostudiow.com.br\/site\/wp-json\/wp\/v2\/categories?post=36817"},{"taxonomy":"post_tag","embeddable":true,"href":"https:\/\/radiostudiow.com.br\/site\/wp-json\/wp\/v2\/tags?post=36817"}],"curies":[{"name":"wp","href":"https:\/\/api.w.org\/{rel}","templated":true}]}}