{"id":36824,"date":"2025-04-12T09:39:27","date_gmt":"2025-04-12T12:39:27","guid":{"rendered":"https:\/\/radiostudiow.com.br\/site\/?p=36824"},"modified":"2025-04-12T09:39:27","modified_gmt":"2025-04-12T12:39:27","slug":"condutor-fica-ferido-apos-colidir-carro-contra-arvore-na-pr-522-em-imbituva","status":"publish","type":"post","link":"https:\/\/radiostudiow.com.br\/site\/2025\/04\/12\/condutor-fica-ferido-apos-colidir-carro-contra-arvore-na-pr-522-em-imbituva\/","title":{"rendered":"Condutor fica ferido ap\u00f3s colidir carro contra \u00e1rvore na PR-522, em Imbituva"},"content":{"rendered":"\n<p>Um jovem de 24 anos ficou ferido ap\u00f3s o ve\u00edculo que conduzia colidir contra uma \u00e1rvore na madrugada deste s\u00e1bado, 12 de abril, na PR-522, na altura do km 13, na localidade do Palmar, \u00e1rea rural de Imbituva, nos Campos Gerais.<\/p>\n\n\n\n<figure class=\"wp-block-image size-full\"><img loading=\"lazy\" decoding=\"async\" width=\"897\" height=\"204\" src=\"https:\/\/radiostudiow.com.br\/site\/wp-content\/uploads\/2025\/01\/SITE-GRANDE3.png\" alt=\"\" class=\"wp-image-32900\" srcset=\"https:\/\/radiostudiow.com.br\/site\/wp-content\/uploads\/2025\/01\/SITE-GRANDE3.png 897w, https:\/\/radiostudiow.com.br\/site\/wp-content\/uploads\/2025\/01\/SITE-GRANDE3-300x68.png 300w, https:\/\/radiostudiow.com.br\/site\/wp-content\/uploads\/2025\/01\/SITE-GRANDE3-768x175.png 768w\" sizes=\"auto, (max-width: 897px) 100vw, 897px\" \/><\/figure>\n\n\n\n<p>Segundo informa\u00e7\u00f5es divulgadas pela Pol\u00edcia Rodovi\u00e1ria Estadual (PRE), o acidente aconteceu por volta da 1h30. O condutor seguia pela PR-522, no entroncamento com a PRC-487, na regi\u00e3o do Bom Jardim, em Iva\u00ed, quando perdeu o controle do GM\/Celta e acabou saindo da pista, atingindo uma \u00e1rvore \u00e0s margens da rodovia.<\/p>\n\n\n\n<p>O motorista sofreu ferimentos e foi encaminhado ao pronto atendimento de Imbituva. Apesar do impacto, o acidente resultou apenas em danos materiais ao ve\u00edculo.<br>A PRE atendeu a ocorr\u00eancia e divulgou imagem do local.<\/p>\n\n\n\n<p>Informa\u00e7\u00f5es:<br>Rep\u00f3rter Kiko de Oliveira<\/p>\n\n\n\n<p>Foto: PRE<\/p>\n","protected":false},"excerpt":{"rendered":"<p>Um jovem de 24 anos ficou ferido ap\u00f3s o ve\u00edculo que conduzia colidir contra uma \u00e1rvore na madrugada deste s\u00e1bado, 12 de abril, na PR-522, na altura do km 13, na localidade do Palmar, \u00e1rea rural de Imbituva, nos Campos Gerais. Segundo informa\u00e7\u00f5es divulgadas pela Pol\u00edcia Rodovi\u00e1ria Estadual (PRE), o acidente aconteceu por volta da [&hellip;]<\/p>\n","protected":false},"author":2,"featured_media":36825,"comment_status":"open","ping_status":"open","sticky":false,"template":"","format":"standard","meta":{"footnotes":""},"categories":[185],"tags":[172],"class_list":["post-36824","post","type-post","status-publish","format-standard","has-post-thumbnail","hentry","category-regional","tag-featured"],"amp_enabled":true,"_links":{"self":[{"href":"https:\/\/radiostudiow.com.br\/site\/wp-json\/wp\/v2\/posts\/36824","targetHints":{"allow":["GET"]}}],"collection":[{"href":"https:\/\/radiostudiow.com.br\/site\/wp-json\/wp\/v2\/posts"}],"about":[{"href":"https:\/\/radiostudiow.com.br\/site\/wp-json\/wp\/v2\/types\/post"}],"author":[{"embeddable":true,"href":"https:\/\/radiostudiow.com.br\/site\/wp-json\/wp\/v2\/users\/2"}],"replies":[{"embeddable":true,"href":"https:\/\/radiostudiow.com.br\/site\/wp-json\/wp\/v2\/comments?post=36824"}],"version-history":[{"count":1,"href":"https:\/\/radiostudiow.com.br\/site\/wp-json\/wp\/v2\/posts\/36824\/revisions"}],"predecessor-version":[{"id":36826,"href":"https:\/\/radiostudiow.com.br\/site\/wp-json\/wp\/v2\/posts\/36824\/revisions\/36826"}],"wp:featuredmedia":[{"embeddable":true,"href":"https:\/\/radiostudiow.com.br\/site\/wp-json\/wp\/v2\/media\/36825"}],"wp:attachment":[{"href":"https:\/\/radiostudiow.com.br\/site\/wp-json\/wp\/v2\/media?parent=36824"}],"wp:term":[{"taxonomy":"category","embeddable":true,"href":"https:\/\/radiostudiow.com.br\/site\/wp-json\/wp\/v2\/categories?post=36824"},{"taxonomy":"post_tag","embeddable":true,"href":"https:\/\/radiostudiow.com.br\/site\/wp-json\/wp\/v2\/tags?post=36824"}],"curies":[{"name":"wp","href":"https:\/\/api.w.org\/{rel}","templated":true}]}}