{"id":36827,"date":"2025-04-12T09:50:46","date_gmt":"2025-04-12T12:50:46","guid":{"rendered":"https:\/\/radiostudiow.com.br\/site\/?p=36827"},"modified":"2025-04-12T09:50:47","modified_gmt":"2025-04-12T12:50:47","slug":"medicos-peritos-do-inss-encerram-greve-apos-235-dias","status":"publish","type":"post","link":"https:\/\/radiostudiow.com.br\/site\/2025\/04\/12\/medicos-peritos-do-inss-encerram-greve-apos-235-dias\/","title":{"rendered":"M\u00e9dicos peritos do INSS encerram greve ap\u00f3s 235 dias"},"content":{"rendered":"\n<p>Ap\u00f3s 235 dias de greve, os m\u00e9dicos peritos do INSS anunciaram nesta sexta-feira, 11 de abril,\u00a0que assinaram um acordo com o governo federal para encerrar a maior paralisa\u00e7\u00e3o da hist\u00f3ria da categoria.\u200b<\/p>\n\n\n\n<p>De acordo com a Associa\u00e7\u00e3o Nacional dos Peritos M\u00e9dicos Federais (ANMP), o pacto firmado ainda n\u00e3o corresponde totalmente \u00e0s expectativas dos trabalhadores, mas \u201cgarante avan\u00e7os importantes\u201d e estabelece compromissos por parte do governo.\u200b<\/p>\n\n\n\n<p>A\u00a0greve teve in\u00edcio em agosto de 2024\u00a0e afetou significativamente os atendimentos do INSS, provocando atrasos na concess\u00e3o de benef\u00edcios e na realiza\u00e7\u00e3o de per\u00edcias m\u00e9dicas.\u200b<\/p>\n\n\n\n<figure class=\"wp-block-image size-full\"><img loading=\"lazy\" decoding=\"async\" width=\"897\" height=\"204\" src=\"https:\/\/radiostudiow.com.br\/site\/wp-content\/uploads\/2025\/01\/SITE-GRANDE5.png\" alt=\"\" class=\"wp-image-32814\" srcset=\"https:\/\/radiostudiow.com.br\/site\/wp-content\/uploads\/2025\/01\/SITE-GRANDE5.png 897w, https:\/\/radiostudiow.com.br\/site\/wp-content\/uploads\/2025\/01\/SITE-GRANDE5-300x68.png 300w, https:\/\/radiostudiow.com.br\/site\/wp-content\/uploads\/2025\/01\/SITE-GRANDE5-768x175.png 768w\" sizes=\"auto, (max-width: 897px) 100vw, 897px\" \/><\/figure>\n\n\n\n<p>O acordo prev\u00ea, entre outras medidas, a reestrutura\u00e7\u00e3o da carreira dos peritos m\u00e9dicos federais, a revis\u00e3o dos crit\u00e9rios para a concess\u00e3o de benef\u00edcios e a implementa\u00e7\u00e3o de melhorias nas condi\u00e7\u00f5es de trabalho.\u200b<\/p>\n\n\n\n<p>A ANMP destaca que, embora o acordo represente um avan\u00e7o, a luta pela valoriza\u00e7\u00e3o da categoria e pela melhoria dos servi\u00e7os prestados \u00e0 popula\u00e7\u00e3o continua.<\/p>\n\n\n\n<p>Segundo o Minist\u00e9rio da Previd\u00eancia Social, a expectativa \u00e9 que os cerca de 300 peritos (10% do total de peritos) que entraram em greve no ano passado retomem seus postos de trabalho na pr\u00f3xima segunda, 14.<\/p>\n\n\n\n<figure class=\"wp-block-image size-full\"><img loading=\"lazy\" decoding=\"async\" width=\"900\" height=\"408\" src=\"https:\/\/radiostudiow.com.br\/site\/wp-content\/uploads\/2025\/03\/SITE-E-TV-1.png\" alt=\"\" class=\"wp-image-35744\" srcset=\"https:\/\/radiostudiow.com.br\/site\/wp-content\/uploads\/2025\/03\/SITE-E-TV-1.png 900w, https:\/\/radiostudiow.com.br\/site\/wp-content\/uploads\/2025\/03\/SITE-E-TV-1-300x136.png 300w, https:\/\/radiostudiow.com.br\/site\/wp-content\/uploads\/2025\/03\/SITE-E-TV-1-768x348.png 768w\" sizes=\"auto, (max-width: 900px) 100vw, 900px\" \/><\/figure>\n\n\n\n<p><em><strong>\u201cOs cidad\u00e3os que, porventura, precisarem agendar atendimento, podem utilizar a Central de Atendimento 135 ou acessar o Meu INSS. O atendimento telef\u00f4nico funciona de segunda-feira a s\u00e1bado, das 7h \u00e0s 22h\u201d<\/strong><\/em><\/p>\n","protected":false},"excerpt":{"rendered":"<p>Ap\u00f3s 235 dias de greve, os m\u00e9dicos peritos do INSS anunciaram nesta sexta-feira, 11 de abril,\u00a0que assinaram um acordo com o governo federal para encerrar a maior paralisa\u00e7\u00e3o da hist\u00f3ria da categoria.\u200b De acordo com a Associa\u00e7\u00e3o Nacional dos Peritos M\u00e9dicos Federais (ANMP), o pacto firmado ainda n\u00e3o corresponde totalmente \u00e0s expectativas dos trabalhadores, mas [&hellip;]<\/p>\n","protected":false},"author":2,"featured_media":36830,"comment_status":"open","ping_status":"open","sticky":false,"template":"","format":"standard","meta":{"footnotes":""},"categories":[7],"tags":[172],"class_list":["post-36827","post","type-post","status-publish","format-standard","has-post-thumbnail","hentry","category-geral","tag-featured"],"amp_enabled":true,"_links":{"self":[{"href":"https:\/\/radiostudiow.com.br\/site\/wp-json\/wp\/v2\/posts\/36827","targetHints":{"allow":["GET"]}}],"collection":[{"href":"https:\/\/radiostudiow.com.br\/site\/wp-json\/wp\/v2\/posts"}],"about":[{"href":"https:\/\/radiostudiow.com.br\/site\/wp-json\/wp\/v2\/types\/post"}],"author":[{"embeddable":true,"href":"https:\/\/radiostudiow.com.br\/site\/wp-json\/wp\/v2\/users\/2"}],"replies":[{"embeddable":true,"href":"https:\/\/radiostudiow.com.br\/site\/wp-json\/wp\/v2\/comments?post=36827"}],"version-history":[{"count":3,"href":"https:\/\/radiostudiow.com.br\/site\/wp-json\/wp\/v2\/posts\/36827\/revisions"}],"predecessor-version":[{"id":36831,"href":"https:\/\/radiostudiow.com.br\/site\/wp-json\/wp\/v2\/posts\/36827\/revisions\/36831"}],"wp:featuredmedia":[{"embeddable":true,"href":"https:\/\/radiostudiow.com.br\/site\/wp-json\/wp\/v2\/media\/36830"}],"wp:attachment":[{"href":"https:\/\/radiostudiow.com.br\/site\/wp-json\/wp\/v2\/media?parent=36827"}],"wp:term":[{"taxonomy":"category","embeddable":true,"href":"https:\/\/radiostudiow.com.br\/site\/wp-json\/wp\/v2\/categories?post=36827"},{"taxonomy":"post_tag","embeddable":true,"href":"https:\/\/radiostudiow.com.br\/site\/wp-json\/wp\/v2\/tags?post=36827"}],"curies":[{"name":"wp","href":"https:\/\/api.w.org\/{rel}","templated":true}]}}