{"id":36832,"date":"2025-04-12T09:53:32","date_gmt":"2025-04-12T12:53:32","guid":{"rendered":"https:\/\/radiostudiow.com.br\/site\/?p=36832"},"modified":"2025-04-12T09:53:32","modified_gmt":"2025-04-12T12:53:32","slug":"manifestacao-por-melhorias-na-br-476-mobiliza-sociedade-civil-neste-sabado-12","status":"publish","type":"post","link":"https:\/\/radiostudiow.com.br\/site\/2025\/04\/12\/manifestacao-por-melhorias-na-br-476-mobiliza-sociedade-civil-neste-sabado-12\/","title":{"rendered":"Manifesta\u00e7\u00e3o por melhorias na BR-476 mobiliza sociedade civil neste s\u00e1bado (12)"},"content":{"rendered":"\n<p>Na manh\u00e3 deste s\u00e1bado (12), a sociedade civil organizada realiza uma manifesta\u00e7\u00e3o pac\u00edfica pedindo melhorias na BR-476. O protesto ocorre de forma intermitente, com bloqueios moment\u00e2neos na rodovia e opera\u00e7\u00e3o no sistema \u201cpare e siga\u201d, garantindo a fluidez do tr\u00e1fego com o acompanhamento da Pol\u00edcia Rodovi\u00e1ria Federal (PRF) e da Pol\u00edcia Militar.<\/p>\n\n\n\n<figure class=\"wp-block-image size-full\"><img loading=\"lazy\" decoding=\"async\" width=\"897\" height=\"204\" src=\"https:\/\/radiostudiow.com.br\/site\/wp-content\/uploads\/2025\/03\/image-62.png\" alt=\"\" class=\"wp-image-35859\" srcset=\"https:\/\/radiostudiow.com.br\/site\/wp-content\/uploads\/2025\/03\/image-62.png 897w, https:\/\/radiostudiow.com.br\/site\/wp-content\/uploads\/2025\/03\/image-62-300x68.png 300w, https:\/\/radiostudiow.com.br\/site\/wp-content\/uploads\/2025\/03\/image-62-768x175.png 768w\" sizes=\"auto, (max-width: 897px) 100vw, 897px\" \/><\/figure>\n\n\n\n<p>Representantes de diversas entidades da sociedade participam do ato, unindo for\u00e7as em prol da seguran\u00e7a e da infraestrutura da rodovia, que \u00e9 de grande import\u00e2ncia para o escoamento de produ\u00e7\u00e3o, tanto regional como nacional e mobilidade da popula\u00e7\u00e3o local.<\/p>\n\n\n\n<p>O movimento chama a aten\u00e7\u00e3o das autoridades para as condi\u00e7\u00f5es prec\u00e1rias da BR-476, com objetivo de pressionar por a\u00e7\u00f5es concretas que promovam melhorias urgentes na via.<\/p>\n\n\n\n<figure class=\"wp-block-image size-full\"><img decoding=\"async\" src=\"https:\/\/radiostudiow.com.br\/site\/wp-content\/uploads\/2025\/04\/image-49.png\" alt=\"\" class=\"wp-image-36835\"\/><figcaption class=\"wp-element-caption\">Foto: Tiago Amaral<br><\/figcaption><\/figure>\n\n\n\n<figure class=\"wp-block-image size-full\"><img loading=\"lazy\" decoding=\"async\" width=\"897\" height=\"204\" src=\"https:\/\/radiostudiow.com.br\/site\/wp-content\/uploads\/2025\/03\/BARAO-NOVO-NOTICIAS-1.jpg\" alt=\"\" class=\"wp-image-35084\" srcset=\"https:\/\/radiostudiow.com.br\/site\/wp-content\/uploads\/2025\/03\/BARAO-NOVO-NOTICIAS-1.jpg 897w, https:\/\/radiostudiow.com.br\/site\/wp-content\/uploads\/2025\/03\/BARAO-NOVO-NOTICIAS-1-300x68.jpg 300w, https:\/\/radiostudiow.com.br\/site\/wp-content\/uploads\/2025\/03\/BARAO-NOVO-NOTICIAS-1-768x175.jpg 768w\" sizes=\"auto, (max-width: 897px) 100vw, 897px\" \/><\/figure>\n\n\n\n<figure class=\"wp-block-image size-full\"><img loading=\"lazy\" decoding=\"async\" width=\"660\" height=\"371\" src=\"https:\/\/radiostudiow.com.br\/site\/wp-content\/uploads\/2025\/04\/image-50.png\" alt=\"\" class=\"wp-image-36836\" srcset=\"https:\/\/radiostudiow.com.br\/site\/wp-content\/uploads\/2025\/04\/image-50.png 660w, https:\/\/radiostudiow.com.br\/site\/wp-content\/uploads\/2025\/04\/image-50-300x169.png 300w\" sizes=\"auto, (max-width: 660px) 100vw, 660px\" \/><figcaption class=\"wp-element-caption\">Foto: Tiago Amaral<br><\/figcaption><\/figure>\n\n\n","protected":false},"excerpt":{"rendered":"<p>Na manh\u00e3 deste s\u00e1bado (12), a sociedade civil organizada realiza uma manifesta\u00e7\u00e3o pac\u00edfica pedindo melhorias na BR-476. O protesto ocorre de forma intermitente, com bloqueios moment\u00e2neos na rodovia e opera\u00e7\u00e3o no sistema \u201cpare e siga\u201d, garantindo a fluidez do tr\u00e1fego com o acompanhamento da Pol\u00edcia Rodovi\u00e1ria Federal (PRF) e da Pol\u00edcia Militar. Representantes de diversas [&hellip;]<\/p>\n","protected":false},"author":2,"featured_media":36834,"comment_status":"open","ping_status":"open","sticky":false,"template":"","format":"standard","meta":{"footnotes":""},"categories":[185],"tags":[172],"class_list":["post-36832","post","type-post","status-publish","format-standard","has-post-thumbnail","hentry","category-regional","tag-featured"],"amp_enabled":true,"_links":{"self":[{"href":"https:\/\/radiostudiow.com.br\/site\/wp-json\/wp\/v2\/posts\/36832","targetHints":{"allow":["GET"]}}],"collection":[{"href":"https:\/\/radiostudiow.com.br\/site\/wp-json\/wp\/v2\/posts"}],"about":[{"href":"https:\/\/radiostudiow.com.br\/site\/wp-json\/wp\/v2\/types\/post"}],"author":[{"embeddable":true,"href":"https:\/\/radiostudiow.com.br\/site\/wp-json\/wp\/v2\/users\/2"}],"replies":[{"embeddable":true,"href":"https:\/\/radiostudiow.com.br\/site\/wp-json\/wp\/v2\/comments?post=36832"}],"version-history":[{"count":1,"href":"https:\/\/radiostudiow.com.br\/site\/wp-json\/wp\/v2\/posts\/36832\/revisions"}],"predecessor-version":[{"id":36837,"href":"https:\/\/radiostudiow.com.br\/site\/wp-json\/wp\/v2\/posts\/36832\/revisions\/36837"}],"wp:featuredmedia":[{"embeddable":true,"href":"https:\/\/radiostudiow.com.br\/site\/wp-json\/wp\/v2\/media\/36834"}],"wp:attachment":[{"href":"https:\/\/radiostudiow.com.br\/site\/wp-json\/wp\/v2\/media?parent=36832"}],"wp:term":[{"taxonomy":"category","embeddable":true,"href":"https:\/\/radiostudiow.com.br\/site\/wp-json\/wp\/v2\/categories?post=36832"},{"taxonomy":"post_tag","embeddable":true,"href":"https:\/\/radiostudiow.com.br\/site\/wp-json\/wp\/v2\/tags?post=36832"}],"curies":[{"name":"wp","href":"https:\/\/api.w.org\/{rel}","templated":true}]}}