{"id":36849,"date":"2025-04-12T13:35:03","date_gmt":"2025-04-12T16:35:03","guid":{"rendered":"https:\/\/radiostudiow.com.br\/site\/?p=36849"},"modified":"2025-04-12T13:35:03","modified_gmt":"2025-04-12T16:35:03","slug":"grave-acidente-na-br-476-mobiliza-equipes-de-resgate-motorista-ficou-preso-as-ferragens","status":"publish","type":"post","link":"https:\/\/radiostudiow.com.br\/site\/2025\/04\/12\/grave-acidente-na-br-476-mobiliza-equipes-de-resgate-motorista-ficou-preso-as-ferragens\/","title":{"rendered":"Grave acidente na BR-476 mobiliza equipes de resgate; motorista ficou preso \u00e0s ferragens"},"content":{"rendered":"\n<p><\/p>\n\n\n\n<figure class=\"wp-block-image size-full\"><img loading=\"lazy\" decoding=\"async\" width=\"897\" height=\"204\" src=\"https:\/\/radiostudiow.com.br\/site\/wp-content\/uploads\/2025\/03\/SITE-GRANDE5.png\" alt=\"\" class=\"wp-image-35420\" srcset=\"https:\/\/radiostudiow.com.br\/site\/wp-content\/uploads\/2025\/03\/SITE-GRANDE5.png 897w, https:\/\/radiostudiow.com.br\/site\/wp-content\/uploads\/2025\/03\/SITE-GRANDE5-300x68.png 300w, https:\/\/radiostudiow.com.br\/site\/wp-content\/uploads\/2025\/03\/SITE-GRANDE5-768x175.png 768w\" sizes=\"auto, (max-width: 897px) 100vw, 897px\" \/><\/figure>\n\n\n\n<p>Um grave acidente ocorrido na manh\u00e3 deste s\u00e1bado (12), na Rodovia do Xisto (BR-476),  na perigosa Curva do S, nas proximidades das cooperativas e do ferro-velho, na regi\u00e3o da Carqueja, interior munic\u00edpio da Lapa PR.<\/p>\n\n\n\n<p>Segundo informa\u00e7\u00f5es foram mobilizados equipes do Corpo de Bombeiros de S\u00e3o Mateus do Sul e da Lapa, al\u00e9m do Servi\u00e7o de Atendimento M\u00f3vel de Urg\u00eancia (SAMU).<\/p>\n\n\n\n<p>O condutor de uma carreta, que transportava motores, ficou preso \u00e0s ferragens ap\u00f3s o ve\u00edculo se envolver em um acidente ainda sob circunst\u00e2ncias que ser\u00e3o investigadas.<\/p>\n\n\n\n<figure class=\"wp-block-image size-full\"><img loading=\"lazy\" decoding=\"async\" width=\"365\" height=\"363\" src=\"https:\/\/radiostudiow.com.br\/site\/wp-content\/uploads\/2025\/04\/2-3.jpg\" alt=\"\" class=\"wp-image-36851\" srcset=\"https:\/\/radiostudiow.com.br\/site\/wp-content\/uploads\/2025\/04\/2-3.jpg 365w, https:\/\/radiostudiow.com.br\/site\/wp-content\/uploads\/2025\/04\/2-3-300x298.jpg 300w, https:\/\/radiostudiow.com.br\/site\/wp-content\/uploads\/2025\/04\/2-3-80x80.jpg 80w\" sizes=\"auto, (max-width: 365px) 100vw, 365px\" \/><\/figure>\n\n\n\n<p><\/p>\n\n\n\n<p> As equipes de resgate atuaram no local para a retirada da v\u00edtima, que foi encaminhada ao hospital ap\u00f3s ser resgatada.<\/p>\n\n\n\n<p><\/p>\n\n\n\n<figure class=\"wp-block-image size-full\"><img loading=\"lazy\" decoding=\"async\" width=\"897\" height=\"204\" src=\"https:\/\/radiostudiow.com.br\/site\/wp-content\/uploads\/2024\/01\/SITE-GRANDE3.png\" alt=\"zaions\" class=\"wp-image-18936\" srcset=\"https:\/\/radiostudiow.com.br\/site\/wp-content\/uploads\/2024\/01\/SITE-GRANDE3.png 897w, https:\/\/radiostudiow.com.br\/site\/wp-content\/uploads\/2024\/01\/SITE-GRANDE3-300x68.png 300w, https:\/\/radiostudiow.com.br\/site\/wp-content\/uploads\/2024\/01\/SITE-GRANDE3-768x175.png 768w\" sizes=\"auto, (max-width: 897px) 100vw, 897px\" \/><\/figure>\n\n\n\n<p><\/p>\n\n\n\n<figure class=\"wp-block-image size-full\"><img loading=\"lazy\" decoding=\"async\" width=\"344\" height=\"354\" src=\"https:\/\/radiostudiow.com.br\/site\/wp-content\/uploads\/2025\/04\/1-3.jpg\" alt=\"\" class=\"wp-image-36852\" srcset=\"https:\/\/radiostudiow.com.br\/site\/wp-content\/uploads\/2025\/04\/1-3.jpg 344w, https:\/\/radiostudiow.com.br\/site\/wp-content\/uploads\/2025\/04\/1-3-292x300.jpg 292w\" sizes=\"auto, (max-width: 344px) 100vw, 344px\" \/><\/figure>\n\n\n\n<p><\/p>\n\n\n\n<p>Devido \u00e0 gravidade da ocorr\u00eancia, o tr\u00e2nsito na regi\u00e3o seguiu lento durante o final da manh\u00e3. <\/p>\n\n\n\n<p>A Pol\u00edcia Rodovi\u00e1ria Federal (PRF) est\u00e1 no local e orienta os motoristas a redobrarem a aten\u00e7\u00e3o ao trafegar pelo trecho.<\/p>\n\n\n\n<p>As causas do acidente ainda n\u00e3o foram oficialmente divulgadas e est\u00e3o sendo apuradas pelas autoridades competentes.<\/p>\n\n\n\n<p><\/p>\n\n\n\n<figure class=\"wp-block-image size-full\"><img loading=\"lazy\" decoding=\"async\" width=\"897\" height=\"204\" src=\"https:\/\/radiostudiow.com.br\/site\/wp-content\/uploads\/2025\/03\/BARAO-NOVO-NOTICIAS-1.jpg\" alt=\"\" class=\"wp-image-35084\" srcset=\"https:\/\/radiostudiow.com.br\/site\/wp-content\/uploads\/2025\/03\/BARAO-NOVO-NOTICIAS-1.jpg 897w, https:\/\/radiostudiow.com.br\/site\/wp-content\/uploads\/2025\/03\/BARAO-NOVO-NOTICIAS-1-300x68.jpg 300w, https:\/\/radiostudiow.com.br\/site\/wp-content\/uploads\/2025\/03\/BARAO-NOVO-NOTICIAS-1-768x175.jpg 768w\" sizes=\"auto, (max-width: 897px) 100vw, 897px\" \/><\/figure>\n\n\n\n<p><\/p>\n\n\n\n<p>Fonte e fotos: Samas Sul Lista de S\u00e3o Mateus do Sul<\/p>\n\n\n\n<p><\/p>\n","protected":false},"excerpt":{"rendered":"<p>Um grave acidente ocorrido na manh\u00e3 deste s\u00e1bado (12), na Rodovia do Xisto (BR-476), na perigosa Curva do S, nas proximidades das cooperativas e do ferro-velho, na regi\u00e3o da Carqueja, interior munic\u00edpio da Lapa PR. Segundo informa\u00e7\u00f5es foram mobilizados equipes do Corpo de Bombeiros de S\u00e3o Mateus do Sul e da Lapa, al\u00e9m do Servi\u00e7o [&hellip;]<\/p>\n","protected":false},"author":2,"featured_media":36853,"comment_status":"open","ping_status":"open","sticky":false,"template":"","format":"standard","meta":{"footnotes":""},"categories":[7],"tags":[172],"class_list":["post-36849","post","type-post","status-publish","format-standard","has-post-thumbnail","hentry","category-geral","tag-featured"],"amp_enabled":true,"_links":{"self":[{"href":"https:\/\/radiostudiow.com.br\/site\/wp-json\/wp\/v2\/posts\/36849","targetHints":{"allow":["GET"]}}],"collection":[{"href":"https:\/\/radiostudiow.com.br\/site\/wp-json\/wp\/v2\/posts"}],"about":[{"href":"https:\/\/radiostudiow.com.br\/site\/wp-json\/wp\/v2\/types\/post"}],"author":[{"embeddable":true,"href":"https:\/\/radiostudiow.com.br\/site\/wp-json\/wp\/v2\/users\/2"}],"replies":[{"embeddable":true,"href":"https:\/\/radiostudiow.com.br\/site\/wp-json\/wp\/v2\/comments?post=36849"}],"version-history":[{"count":1,"href":"https:\/\/radiostudiow.com.br\/site\/wp-json\/wp\/v2\/posts\/36849\/revisions"}],"predecessor-version":[{"id":36854,"href":"https:\/\/radiostudiow.com.br\/site\/wp-json\/wp\/v2\/posts\/36849\/revisions\/36854"}],"wp:featuredmedia":[{"embeddable":true,"href":"https:\/\/radiostudiow.com.br\/site\/wp-json\/wp\/v2\/media\/36853"}],"wp:attachment":[{"href":"https:\/\/radiostudiow.com.br\/site\/wp-json\/wp\/v2\/media?parent=36849"}],"wp:term":[{"taxonomy":"category","embeddable":true,"href":"https:\/\/radiostudiow.com.br\/site\/wp-json\/wp\/v2\/categories?post=36849"},{"taxonomy":"post_tag","embeddable":true,"href":"https:\/\/radiostudiow.com.br\/site\/wp-json\/wp\/v2\/tags?post=36849"}],"curies":[{"name":"wp","href":"https:\/\/api.w.org\/{rel}","templated":true}]}}