{"id":36855,"date":"2025-04-12T13:45:56","date_gmt":"2025-04-12T16:45:56","guid":{"rendered":"https:\/\/radiostudiow.com.br\/site\/?p=36855"},"modified":"2025-04-12T13:45:56","modified_gmt":"2025-04-12T16:45:56","slug":"colisao-entre-trator-e-veiculo-deixa-um-morto-e-um-ferido-na-pr-522-em-imbituva","status":"publish","type":"post","link":"https:\/\/radiostudiow.com.br\/site\/2025\/04\/12\/colisao-entre-trator-e-veiculo-deixa-um-morto-e-um-ferido-na-pr-522-em-imbituva\/","title":{"rendered":"Colis\u00e3o entre trator e ve\u00edculo deixa um morto e um ferido na PR-522, em Imbituva"},"content":{"rendered":"\n<p><\/p>\n\n\n\n<figure class=\"wp-block-image size-full\"><img loading=\"lazy\" decoding=\"async\" width=\"598\" height=\"204\" src=\"https:\/\/radiostudiow.com.br\/site\/wp-content\/uploads\/2025\/01\/SITE-MEDIO7.png\" alt=\"\" class=\"wp-image-32801\" srcset=\"https:\/\/radiostudiow.com.br\/site\/wp-content\/uploads\/2025\/01\/SITE-MEDIO7.png 598w, https:\/\/radiostudiow.com.br\/site\/wp-content\/uploads\/2025\/01\/SITE-MEDIO7-300x102.png 300w\" sizes=\"auto, (max-width: 598px) 100vw, 598px\" \/><\/figure>\n\n\n\n<p><\/p>\n\n\n\n<p>Uma colis\u00e3o traseira entre um trator e um ve\u00edculo Fiat\/Uno resultou na morte de um homem e deixou outra pessoa ferida na noite desta quinta-feira (11), por volta das 19h, na PR-522, no km 16, na localidade de Palmar, zona rural de Imbituva.<\/p>\n\n\n\n<figure class=\"wp-block-image size-large\"><img loading=\"lazy\" decoding=\"async\" width=\"842\" height=\"1024\" src=\"https:\/\/radiostudiow.com.br\/site\/wp-content\/uploads\/2025\/04\/5cdb8f0a-70ec-4267-978e-1706aca0329d-842x1024.jpg\" alt=\"\" class=\"wp-image-36857\" srcset=\"https:\/\/radiostudiow.com.br\/site\/wp-content\/uploads\/2025\/04\/5cdb8f0a-70ec-4267-978e-1706aca0329d-842x1024.jpg 842w, https:\/\/radiostudiow.com.br\/site\/wp-content\/uploads\/2025\/04\/5cdb8f0a-70ec-4267-978e-1706aca0329d-247x300.jpg 247w, https:\/\/radiostudiow.com.br\/site\/wp-content\/uploads\/2025\/04\/5cdb8f0a-70ec-4267-978e-1706aca0329d-768x934.jpg 768w, https:\/\/radiostudiow.com.br\/site\/wp-content\/uploads\/2025\/04\/5cdb8f0a-70ec-4267-978e-1706aca0329d.jpg 1200w\" sizes=\"auto, (max-width: 842px) 100vw, 842px\" \/><\/figure>\n\n\n\n<p><\/p>\n\n\n\n<p>De acordo com informa\u00e7\u00f5es da Pol\u00edcia Rodovi\u00e1ria Estadual (PRE), o acidente ocorreu quando o Fiat\/Uno, com placas do Paran\u00e1, seguia pela rodovia no sentido do entroncamento com a PRC-487, no distrito de Bom Jardim, em Iva\u00ed, e colidiu na traseira de um trator Massey Ferguson 275, que trafegava no mesmo sentido.<\/p>\n\n\n\n<p>O condutor do trator, Ant\u00f4nio Altair Moleta, de 54 anos, conhecido como &#8220;Nego&#8221;, n\u00e3o resistiu aos ferimentos e morreu no local. O corpo foi encaminhado ao Instituto M\u00e9dico-Legal (IML) de Ponta Grossa.<\/p>\n\n\n\n<p><\/p>\n\n\n\n<figure class=\"wp-block-image size-full\"><img loading=\"lazy\" decoding=\"async\" width=\"719\" height=\"738\" src=\"https:\/\/radiostudiow.com.br\/site\/wp-content\/uploads\/2025\/04\/7ab7e156-28f5-4859-a6ec-809f0241897b.jpg\" alt=\"\" class=\"wp-image-36858\" srcset=\"https:\/\/radiostudiow.com.br\/site\/wp-content\/uploads\/2025\/04\/7ab7e156-28f5-4859-a6ec-809f0241897b.jpg 719w, https:\/\/radiostudiow.com.br\/site\/wp-content\/uploads\/2025\/04\/7ab7e156-28f5-4859-a6ec-809f0241897b-292x300.jpg 292w\" sizes=\"auto, (max-width: 719px) 100vw, 719px\" \/><\/figure>\n\n\n\n<p><\/p>\n\n\n\n<p>J\u00e1 o motorista do Fiat\/Uno, um homem de 39 anos, sofreu ferimentos e foi socorrido, sendo encaminhado ao Pronto Atendimento Municipal de Imbituva.<\/p>\n\n\n\n<p>As causas do acidente ainda est\u00e3o sendo apuradas pela pol\u00edcia. A ocorr\u00eancia mobilizou equipes da PRE, do atendimento m\u00e9dico local e do Instituto M\u00e9dico-Legal.<\/p>\n\n\n\n<p><\/p>\n\n\n\n<figure class=\"wp-block-image size-full\"><img loading=\"lazy\" decoding=\"async\" width=\"897\" height=\"204\" src=\"https:\/\/radiostudiow.com.br\/site\/wp-content\/uploads\/2025\/02\/SITE-GRANDE7.png\" alt=\"\" class=\"wp-image-33861\" srcset=\"https:\/\/radiostudiow.com.br\/site\/wp-content\/uploads\/2025\/02\/SITE-GRANDE7.png 897w, https:\/\/radiostudiow.com.br\/site\/wp-content\/uploads\/2025\/02\/SITE-GRANDE7-300x68.png 300w, https:\/\/radiostudiow.com.br\/site\/wp-content\/uploads\/2025\/02\/SITE-GRANDE7-768x175.png 768w\" sizes=\"auto, (max-width: 897px) 100vw, 897px\" \/><\/figure>\n\n\n\n<p>Informa\u00e7\u00f5es: Rep\u00f3rter Kiko Oliveira \/ PRE<br>Imagens PRE\/Rede Social\/Divulga\u00e7\u00e3o<\/p>\n","protected":false},"excerpt":{"rendered":"<p>Uma colis\u00e3o traseira entre um trator e um ve\u00edculo Fiat\/Uno resultou na morte de um homem e deixou outra pessoa ferida na noite desta quinta-feira (11), por volta das 19h, na PR-522, no km 16, na localidade de Palmar, zona rural de Imbituva. De acordo com informa\u00e7\u00f5es da Pol\u00edcia Rodovi\u00e1ria Estadual (PRE), o acidente ocorreu [&hellip;]<\/p>\n","protected":false},"author":2,"featured_media":36856,"comment_status":"open","ping_status":"open","sticky":false,"template":"","format":"standard","meta":{"footnotes":""},"categories":[185],"tags":[172],"class_list":["post-36855","post","type-post","status-publish","format-standard","has-post-thumbnail","hentry","category-regional","tag-featured"],"amp_enabled":true,"_links":{"self":[{"href":"https:\/\/radiostudiow.com.br\/site\/wp-json\/wp\/v2\/posts\/36855","targetHints":{"allow":["GET"]}}],"collection":[{"href":"https:\/\/radiostudiow.com.br\/site\/wp-json\/wp\/v2\/posts"}],"about":[{"href":"https:\/\/radiostudiow.com.br\/site\/wp-json\/wp\/v2\/types\/post"}],"author":[{"embeddable":true,"href":"https:\/\/radiostudiow.com.br\/site\/wp-json\/wp\/v2\/users\/2"}],"replies":[{"embeddable":true,"href":"https:\/\/radiostudiow.com.br\/site\/wp-json\/wp\/v2\/comments?post=36855"}],"version-history":[{"count":1,"href":"https:\/\/radiostudiow.com.br\/site\/wp-json\/wp\/v2\/posts\/36855\/revisions"}],"predecessor-version":[{"id":36859,"href":"https:\/\/radiostudiow.com.br\/site\/wp-json\/wp\/v2\/posts\/36855\/revisions\/36859"}],"wp:featuredmedia":[{"embeddable":true,"href":"https:\/\/radiostudiow.com.br\/site\/wp-json\/wp\/v2\/media\/36856"}],"wp:attachment":[{"href":"https:\/\/radiostudiow.com.br\/site\/wp-json\/wp\/v2\/media?parent=36855"}],"wp:term":[{"taxonomy":"category","embeddable":true,"href":"https:\/\/radiostudiow.com.br\/site\/wp-json\/wp\/v2\/categories?post=36855"},{"taxonomy":"post_tag","embeddable":true,"href":"https:\/\/radiostudiow.com.br\/site\/wp-json\/wp\/v2\/tags?post=36855"}],"curies":[{"name":"wp","href":"https:\/\/api.w.org\/{rel}","templated":true}]}}