{"id":36860,"date":"2025-04-12T13:58:14","date_gmt":"2025-04-12T16:58:14","guid":{"rendered":"https:\/\/radiostudiow.com.br\/site\/?p=36860"},"modified":"2025-04-12T13:58:15","modified_gmt":"2025-04-12T16:58:15","slug":"homem-e-preso-em-flagrante-por-trafico-de-drogas-e-tentativa-de-agressao-a-policial-em-mallet","status":"publish","type":"post","link":"https:\/\/radiostudiow.com.br\/site\/2025\/04\/12\/homem-e-preso-em-flagrante-por-trafico-de-drogas-e-tentativa-de-agressao-a-policial-em-mallet\/","title":{"rendered":"HOMEM \u00c9 PRESO EM FLAGRANTE POR TR\u00c1FICO DE DROGAS E TENTATIVA DE AGRESS\u00c3O A POLICIAL EM MALLET"},"content":{"rendered":"\n<p><\/p>\n\n\n\n<figure class=\"wp-block-image size-full\"><img loading=\"lazy\" decoding=\"async\" width=\"897\" height=\"204\" src=\"https:\/\/radiostudiow.com.br\/site\/wp-content\/uploads\/2025\/03\/image-62.png\" alt=\"\" class=\"wp-image-35859\" srcset=\"https:\/\/radiostudiow.com.br\/site\/wp-content\/uploads\/2025\/03\/image-62.png 897w, https:\/\/radiostudiow.com.br\/site\/wp-content\/uploads\/2025\/03\/image-62-300x68.png 300w, https:\/\/radiostudiow.com.br\/site\/wp-content\/uploads\/2025\/03\/image-62-768x175.png 768w\" sizes=\"auto, (max-width: 897px) 100vw, 897px\" \/><\/figure>\n\n\n\n<p><\/p>\n\n\n\n<p> Um homem foi preso na tarde desta sexta-feira (11) ap\u00f3s causar tumulto e ainda tentar agredir uma policial no centro da cidade de Mallet.<\/p>\n\n\n\n<p>Segundo a Pol\u00edcia Militar, ele estava visivelmente transtornado e oferecendo entorpecentes a pedestres em via p\u00fablica.<\/p>\n\n\n\n<p>Populares acionaram a equipe policial do 3\u00ba Pelot\u00e3o Cabo Abr\u00e3o Kanclarovicz, que localizou o suspeito na Rua XV de Novembro.<\/p>\n\n\n\n<p>Ao perceber a aproxima\u00e7\u00e3o da viatura, o homem tentou fugir, pulando tr\u00eas resid\u00eancias e atravessando terrenos baldios, mas foi alcan\u00e7ado e contido pelos policiais.<br>Identificado posteriormente, o indiv\u00edduo, j\u00e1 conhecido no meio policial por tr\u00e1fico de drogas e outros delitos, apresentava comportamento agressivo e violento.<\/p>\n\n\n\n<p>Durante a abordagem, precisou ser imobilizado pela equipe. Em revista pessoal, os policiais encontraram oito pedras de subst\u00e2ncia an\u00e1loga ao crack, embaladas em papel alum\u00ednio, totalizando aproximadamente 1,1 grama.<\/p>\n\n\n\n<figure class=\"wp-block-image size-full\"><img loading=\"lazy\" decoding=\"async\" width=\"897\" height=\"204\" src=\"https:\/\/radiostudiow.com.br\/site\/wp-content\/uploads\/2025\/03\/SITE-GRANDE5.png\" alt=\"\" class=\"wp-image-35420\" srcset=\"https:\/\/radiostudiow.com.br\/site\/wp-content\/uploads\/2025\/03\/SITE-GRANDE5.png 897w, https:\/\/radiostudiow.com.br\/site\/wp-content\/uploads\/2025\/03\/SITE-GRANDE5-300x68.png 300w, https:\/\/radiostudiow.com.br\/site\/wp-content\/uploads\/2025\/03\/SITE-GRANDE5-768x175.png 768w\" sizes=\"auto, (max-width: 897px) 100vw, 897px\" \/><\/figure>\n\n\n\n<p><\/p>\n\n\n\n<p>Durante a a\u00e7\u00e3o, o suspeito tentou por diversas vezes agredir os policiais e sempre proferindo palavras de amea\u00e7as contra eles.<\/p>\n\n\n\n<p>Testemunhas que acompanharam a cena confirmaram a agress\u00e3o a nossa reportagem.<\/p>\n\n\n\n<p>Mesmo detido, o homem continuou exaltado e, j\u00e1 no compartimento da viatura, quebrou a tampa traseira do cambur\u00e3o, o que configura dano qualificado ao patrim\u00f4nio p\u00fablico.<\/p>\n\n\n\n<p>Diante dos fatos, o suspeito foi encaminhado para a 10\u00aa DRP Delegacia de Pol\u00edcia Civil de Mallet.<\/p>\n\n\n\n<p>A ocorr\u00eancia foi registrada com os devidos autos por resist\u00eancia \u00e0 pris\u00e3o, agress\u00e3o, amea\u00e7a dano qualificado e tr\u00e1fico de drogas.<\/p>\n\n\n\n<p>O homem preso foi levado para o DEPEN de Uni\u00e3o da Vit\u00f3ria.<\/p>\n\n\n\n<p><\/p>\n\n\n\n<figure class=\"wp-block-image size-full\"><img loading=\"lazy\" decoding=\"async\" width=\"897\" height=\"204\" src=\"https:\/\/radiostudiow.com.br\/site\/wp-content\/uploads\/2025\/03\/BARAO-NOVO-NOTICIAS-1.jpg\" alt=\"\" class=\"wp-image-35084\" srcset=\"https:\/\/radiostudiow.com.br\/site\/wp-content\/uploads\/2025\/03\/BARAO-NOVO-NOTICIAS-1.jpg 897w, https:\/\/radiostudiow.com.br\/site\/wp-content\/uploads\/2025\/03\/BARAO-NOVO-NOTICIAS-1-300x68.jpg 300w, https:\/\/radiostudiow.com.br\/site\/wp-content\/uploads\/2025\/03\/BARAO-NOVO-NOTICIAS-1-768x175.jpg 768w\" sizes=\"auto, (max-width: 897px) 100vw, 897px\" \/><\/figure>\n","protected":false},"excerpt":{"rendered":"<p>Um homem foi preso na tarde desta sexta-feira (11) ap\u00f3s causar tumulto e ainda tentar agredir uma policial no centro da cidade de Mallet. Segundo a Pol\u00edcia Militar, ele estava visivelmente transtornado e oferecendo entorpecentes a pedestres em via p\u00fablica. Populares acionaram a equipe policial do 3\u00ba Pelot\u00e3o Cabo Abr\u00e3o Kanclarovicz, que localizou o suspeito [&hellip;]<\/p>\n","protected":false},"author":2,"featured_media":36861,"comment_status":"open","ping_status":"open","sticky":false,"template":"","format":"standard","meta":{"footnotes":""},"categories":[184],"tags":[172],"class_list":["post-36860","post","type-post","status-publish","format-standard","has-post-thumbnail","hentry","category-local","tag-featured"],"amp_enabled":true,"_links":{"self":[{"href":"https:\/\/radiostudiow.com.br\/site\/wp-json\/wp\/v2\/posts\/36860","targetHints":{"allow":["GET"]}}],"collection":[{"href":"https:\/\/radiostudiow.com.br\/site\/wp-json\/wp\/v2\/posts"}],"about":[{"href":"https:\/\/radiostudiow.com.br\/site\/wp-json\/wp\/v2\/types\/post"}],"author":[{"embeddable":true,"href":"https:\/\/radiostudiow.com.br\/site\/wp-json\/wp\/v2\/users\/2"}],"replies":[{"embeddable":true,"href":"https:\/\/radiostudiow.com.br\/site\/wp-json\/wp\/v2\/comments?post=36860"}],"version-history":[{"count":1,"href":"https:\/\/radiostudiow.com.br\/site\/wp-json\/wp\/v2\/posts\/36860\/revisions"}],"predecessor-version":[{"id":36862,"href":"https:\/\/radiostudiow.com.br\/site\/wp-json\/wp\/v2\/posts\/36860\/revisions\/36862"}],"wp:featuredmedia":[{"embeddable":true,"href":"https:\/\/radiostudiow.com.br\/site\/wp-json\/wp\/v2\/media\/36861"}],"wp:attachment":[{"href":"https:\/\/radiostudiow.com.br\/site\/wp-json\/wp\/v2\/media?parent=36860"}],"wp:term":[{"taxonomy":"category","embeddable":true,"href":"https:\/\/radiostudiow.com.br\/site\/wp-json\/wp\/v2\/categories?post=36860"},{"taxonomy":"post_tag","embeddable":true,"href":"https:\/\/radiostudiow.com.br\/site\/wp-json\/wp\/v2\/tags?post=36860"}],"curies":[{"name":"wp","href":"https:\/\/api.w.org\/{rel}","templated":true}]}}