{"id":36863,"date":"2025-04-13T16:49:11","date_gmt":"2025-04-13T19:49:11","guid":{"rendered":"https:\/\/radiostudiow.com.br\/site\/?p=36863"},"modified":"2025-04-13T16:49:12","modified_gmt":"2025-04-13T19:49:12","slug":"caminhonete-furtada-em-rio-azul-e-recuperada-pela-policia-militar-na-br-376-em-ponta-grossa","status":"publish","type":"post","link":"https:\/\/radiostudiow.com.br\/site\/2025\/04\/13\/caminhonete-furtada-em-rio-azul-e-recuperada-pela-policia-militar-na-br-376-em-ponta-grossa\/","title":{"rendered":"Caminhonete furtada em Rio Azul \u00e9 recuperada pela Pol\u00edcia Militar na BR-376, em Ponta Grossa"},"content":{"rendered":"\n<p> Uma caminhonete furtada na cidade de Rio Azul foi recuperada pela Pol\u00edcia Militar na madrugada desta sexta-feira (12), por volta das 3h, na altura do km 508 da BR-376, em Ponta Grossa.<\/p>\n\n\n\n<figure class=\"wp-block-image size-full\"><img loading=\"lazy\" decoding=\"async\" width=\"897\" height=\"204\" src=\"https:\/\/radiostudiow.com.br\/site\/wp-content\/uploads\/2024\/01\/SITE-GRANDE3.png\" alt=\"zaions\" class=\"wp-image-18936\" srcset=\"https:\/\/radiostudiow.com.br\/site\/wp-content\/uploads\/2024\/01\/SITE-GRANDE3.png 897w, https:\/\/radiostudiow.com.br\/site\/wp-content\/uploads\/2024\/01\/SITE-GRANDE3-300x68.png 300w, https:\/\/radiostudiow.com.br\/site\/wp-content\/uploads\/2024\/01\/SITE-GRANDE3-768x175.png 768w\" sizes=\"auto, (max-width: 897px) 100vw, 897px\" \/><\/figure>\n\n\n\n<p>A a\u00e7\u00e3o foi realizada pela equipe do Choque K9 do 1\u00ba Batalh\u00e3o da Pol\u00edcia Militar, que atuou com base em informa\u00e7\u00f5es repassadas pelo COPOM (Centro de Opera\u00e7\u00f5es da Pol\u00edcia Militar). O propriet\u00e1rio do ve\u00edculo auxiliou nas buscas por meio do rastreamento em tempo real do autom\u00f3vel.<\/p>\n\n\n\n<p>Com base na localiza\u00e7\u00e3o informada, a equipe se deslocou at\u00e9 as proximidades do ponto indicado e localizou o ve\u00edculo na rodovia. Durante a abordagem, o condutor, um homem de 45 anos, n\u00e3o portava nenhum material il\u00edcito. No entanto, diante da confirma\u00e7\u00e3o do alerta de furto, foi dada voz de pris\u00e3o ao suspeito.<\/p>\n\n\n\n<p>O homem e a caminhonete foram encaminhados \u00e0 13\u00aa Subdivis\u00e3o Policial (13\u00aa SDP) de Ponta Grossa para os procedimentos legais cab\u00edveis.<\/p>\n\n\n\n<p>A a\u00e7\u00e3o r\u00e1pida da pol\u00edcia garantiu a recupera\u00e7\u00e3o do ve\u00edculo poucas horas ap\u00f3s o crime, destacando a import\u00e2ncia do rastreamento veicular e da resposta integrada entre o COPOM e as equipes operacionais.<\/p>\n\n\n\n<figure class=\"wp-block-image size-full\"><img loading=\"lazy\" decoding=\"async\" width=\"598\" height=\"204\" src=\"https:\/\/radiostudiow.com.br\/site\/wp-content\/uploads\/2025\/01\/SITE-MEDIO7.png\" alt=\"\" class=\"wp-image-32801\" srcset=\"https:\/\/radiostudiow.com.br\/site\/wp-content\/uploads\/2025\/01\/SITE-MEDIO7.png 598w, https:\/\/radiostudiow.com.br\/site\/wp-content\/uploads\/2025\/01\/SITE-MEDIO7-300x102.png 300w\" sizes=\"auto, (max-width: 598px) 100vw, 598px\" \/><\/figure>\n\n\n\n<p><\/p>\n\n\n\n<p><em>Informa\u00e7\u00f5es e imagem: 1\u00ba BPM<\/em> \/ REP\u00d3RTER KIKO OLIVEIRA <\/p>\n","protected":false},"excerpt":{"rendered":"<p>Uma caminhonete furtada na cidade de Rio Azul foi recuperada pela Pol\u00edcia Militar na madrugada desta sexta-feira (12), por volta das 3h, na altura do km 508 da BR-376, em Ponta Grossa. A a\u00e7\u00e3o foi realizada pela equipe do Choque K9 do 1\u00ba Batalh\u00e3o da Pol\u00edcia Militar, que atuou com base em informa\u00e7\u00f5es repassadas pelo [&hellip;]<\/p>\n","protected":false},"author":2,"featured_media":36864,"comment_status":"open","ping_status":"open","sticky":false,"template":"","format":"standard","meta":{"footnotes":""},"categories":[185],"tags":[172],"class_list":["post-36863","post","type-post","status-publish","format-standard","has-post-thumbnail","hentry","category-regional","tag-featured"],"amp_enabled":true,"_links":{"self":[{"href":"https:\/\/radiostudiow.com.br\/site\/wp-json\/wp\/v2\/posts\/36863","targetHints":{"allow":["GET"]}}],"collection":[{"href":"https:\/\/radiostudiow.com.br\/site\/wp-json\/wp\/v2\/posts"}],"about":[{"href":"https:\/\/radiostudiow.com.br\/site\/wp-json\/wp\/v2\/types\/post"}],"author":[{"embeddable":true,"href":"https:\/\/radiostudiow.com.br\/site\/wp-json\/wp\/v2\/users\/2"}],"replies":[{"embeddable":true,"href":"https:\/\/radiostudiow.com.br\/site\/wp-json\/wp\/v2\/comments?post=36863"}],"version-history":[{"count":2,"href":"https:\/\/radiostudiow.com.br\/site\/wp-json\/wp\/v2\/posts\/36863\/revisions"}],"predecessor-version":[{"id":36866,"href":"https:\/\/radiostudiow.com.br\/site\/wp-json\/wp\/v2\/posts\/36863\/revisions\/36866"}],"wp:featuredmedia":[{"embeddable":true,"href":"https:\/\/radiostudiow.com.br\/site\/wp-json\/wp\/v2\/media\/36864"}],"wp:attachment":[{"href":"https:\/\/radiostudiow.com.br\/site\/wp-json\/wp\/v2\/media?parent=36863"}],"wp:term":[{"taxonomy":"category","embeddable":true,"href":"https:\/\/radiostudiow.com.br\/site\/wp-json\/wp\/v2\/categories?post=36863"},{"taxonomy":"post_tag","embeddable":true,"href":"https:\/\/radiostudiow.com.br\/site\/wp-json\/wp\/v2\/tags?post=36863"}],"curies":[{"name":"wp","href":"https:\/\/api.w.org\/{rel}","templated":true}]}}