{"id":36870,"date":"2025-04-13T22:04:35","date_gmt":"2025-04-14T01:04:35","guid":{"rendered":"https:\/\/radiostudiow.com.br\/site\/?p=36870"},"modified":"2025-04-13T22:04:36","modified_gmt":"2025-04-14T01:04:36","slug":"homem-e-baleado-apos-tentar-atropelar-policiais-durante-fuga-com-veiculo-roubado-na-br-277","status":"publish","type":"post","link":"https:\/\/radiostudiow.com.br\/site\/2025\/04\/13\/homem-e-baleado-apos-tentar-atropelar-policiais-durante-fuga-com-veiculo-roubado-na-br-277\/","title":{"rendered":"Homem \u00e9 baleado ap\u00f3s tentar atropelar policiais durante fuga com ve\u00edculo roubado na BR-277"},"content":{"rendered":"\n<p><\/p>\n\n\n\n<figure class=\"wp-block-image size-full\"><img loading=\"lazy\" decoding=\"async\" width=\"897\" height=\"204\" src=\"https:\/\/radiostudiow.com.br\/site\/wp-content\/uploads\/2025\/03\/SITE-GRANDE5.png\" alt=\"\" class=\"wp-image-35420\" srcset=\"https:\/\/radiostudiow.com.br\/site\/wp-content\/uploads\/2025\/03\/SITE-GRANDE5.png 897w, https:\/\/radiostudiow.com.br\/site\/wp-content\/uploads\/2025\/03\/SITE-GRANDE5-300x68.png 300w, https:\/\/radiostudiow.com.br\/site\/wp-content\/uploads\/2025\/03\/SITE-GRANDE5-768x175.png 768w\" sizes=\"auto, (max-width: 897px) 100vw, 897px\" \/><\/figure>\n\n\n\n<p><\/p>\n\n\n\n<p><\/p>\n\n\n\n<p><strong>Suspeito conduzia uma Hilux com alerta de furto\/roubo e afirmou que receberia para transportar o ve\u00edculo de Curitiba at\u00e9 Prudent\u00f3polis<\/strong><\/p>\n\n\n\n<p>Um homem foi baleado na manh\u00e3 deste domingo (13), ap\u00f3s tentar atropelar policiais militares durante uma tentativa de abordagem na BR-277, no trevo de acesso principal a Irati, sentido Imbituva. <\/p>\n\n\n\n<p>O caso envolveu uma caminhonete Toyota Hilux com alerta de furto\/roubo e placas possivelmente clonadas.<\/p>\n\n\n\n<p>De acordo com informa\u00e7\u00f5es repassadas pela 8\u00aa Companhia Independente da Pol\u00edcia Militar (8\u00aa CIPM), o ve\u00edculo estava sendo monitorado ap\u00f3s den\u00fancias de que ele estaria se deslocando em dire\u00e7\u00e3o \u00e0 \u00e1rea de atua\u00e7\u00e3o da corpora\u00e7\u00e3o. <\/p>\n\n\n\n<p><\/p>\n\n\n\n<figure class=\"wp-block-image size-full\"><img loading=\"lazy\" decoding=\"async\" width=\"598\" height=\"204\" src=\"https:\/\/radiostudiow.com.br\/site\/wp-content\/uploads\/2024\/10\/labirati.png\" alt=\"\" class=\"wp-image-28854\" srcset=\"https:\/\/radiostudiow.com.br\/site\/wp-content\/uploads\/2024\/10\/labirati.png 598w, https:\/\/radiostudiow.com.br\/site\/wp-content\/uploads\/2024\/10\/labirati-300x102.png 300w\" sizes=\"auto, (max-width: 598px) 100vw, 598px\" \/><\/figure>\n\n\n\n<p><\/p>\n\n\n\n<figure class=\"wp-block-image size-full\"><img loading=\"lazy\" decoding=\"async\" width=\"899\" height=\"646\" src=\"https:\/\/radiostudiow.com.br\/site\/wp-content\/uploads\/2025\/04\/201548df-48cd-480d-a4a0-ff8ed797ada7.jpg\" alt=\"\" class=\"wp-image-36871\" srcset=\"https:\/\/radiostudiow.com.br\/site\/wp-content\/uploads\/2025\/04\/201548df-48cd-480d-a4a0-ff8ed797ada7.jpg 899w, https:\/\/radiostudiow.com.br\/site\/wp-content\/uploads\/2025\/04\/201548df-48cd-480d-a4a0-ff8ed797ada7-300x216.jpg 300w, https:\/\/radiostudiow.com.br\/site\/wp-content\/uploads\/2025\/04\/201548df-48cd-480d-a4a0-ff8ed797ada7-768x552.jpg 768w\" sizes=\"auto, (max-width: 899px) 100vw, 899px\" \/><\/figure>\n\n\n\n<p>Por volta das 9h, a Hilux foi visualizada na pista e os policiais tentaram realizar a abordagem.<\/p>\n\n\n\n<p>No entanto, o condutor n\u00e3o acatou a ordem de parada e iniciou uma fuga. Em um momento posterior, ele aparentou estar disposto a parar, mas ao ver os policiais desembarcando da viatura, deu marcha \u00e0 r\u00e9 e avan\u00e7ou contra a equipe, em uma tentativa de atropelamento.<\/p>\n\n\n\n<p>Diante da amea\u00e7a, um dos policiais realizou disparos de arma de fogo para cessar a agress\u00e3o. <\/p>\n\n\n\n<p>Ainda assim, o suspeito conseguiu fugir por alguns metros, mas acabou sendo interceptado novamente pr\u00f3ximo \u00e0 entrada de Irati, j\u00e1 com ferimentos causados pelos disparos.<\/p>\n\n\n\n<p>O Corpo de Bombeiros foi acionado e, ao chegar ao local, constatou que o homem havia sido atingido por um tiro. Ele foi socorrido e encaminhado \u00e0 Santa Casa de Irati pela equipe do Siate.<\/p>\n\n\n\n<figure class=\"wp-block-image size-full\"><img loading=\"lazy\" decoding=\"async\" width=\"897\" height=\"204\" src=\"https:\/\/radiostudiow.com.br\/site\/wp-content\/uploads\/2025\/01\/SITE-GRANDE3.png\" alt=\"\" class=\"wp-image-32900\" srcset=\"https:\/\/radiostudiow.com.br\/site\/wp-content\/uploads\/2025\/01\/SITE-GRANDE3.png 897w, https:\/\/radiostudiow.com.br\/site\/wp-content\/uploads\/2025\/01\/SITE-GRANDE3-300x68.png 300w, https:\/\/radiostudiow.com.br\/site\/wp-content\/uploads\/2025\/01\/SITE-GRANDE3-768x175.png 768w\" sizes=\"auto, (max-width: 897px) 100vw, 897px\" \/><\/figure>\n\n\n\n<p><\/p>\n\n\n\n<figure class=\"wp-block-image size-large\"><img loading=\"lazy\" decoding=\"async\" width=\"1024\" height=\"608\" src=\"https:\/\/radiostudiow.com.br\/site\/wp-content\/uploads\/2025\/04\/491442570_18504801748057063_6665968104833059469_n-1024x608.jpg\" alt=\"\" class=\"wp-image-36872\" srcset=\"https:\/\/radiostudiow.com.br\/site\/wp-content\/uploads\/2025\/04\/491442570_18504801748057063_6665968104833059469_n-1024x608.jpg 1024w, https:\/\/radiostudiow.com.br\/site\/wp-content\/uploads\/2025\/04\/491442570_18504801748057063_6665968104833059469_n-300x178.jpg 300w, https:\/\/radiostudiow.com.br\/site\/wp-content\/uploads\/2025\/04\/491442570_18504801748057063_6665968104833059469_n-768x456.jpg 768w, https:\/\/radiostudiow.com.br\/site\/wp-content\/uploads\/2025\/04\/491442570_18504801748057063_6665968104833059469_n.jpg 1078w\" sizes=\"auto, (max-width: 1024px) 100vw, 1024px\" \/><\/figure>\n\n\n\n<p><\/p>\n\n\n\n<p>Durante o atendimento, o suspeito relatou que receberia uma quantia em dinheiro para transportar o ve\u00edculo de Curitiba at\u00e9 Prudent\u00f3polis. <\/p>\n\n\n\n<p>A Pol\u00edcia Civil deve investigar o caso, incluindo a poss\u00edvel clonagem da caminhonete.<\/p>\n\n\n\n<p><\/p>\n\n\n\n<p>Fonte:Rep\u00f3rter Kiko de Oliveira \/ 8\u00b0CIPM<br>Imagens: Rede Social\/Divulga\u00e7\u00e3o\/ R\u00e1dio Copas Verdes FM<\/p>\n","protected":false},"excerpt":{"rendered":"<p>Suspeito conduzia uma Hilux com alerta de furto\/roubo e afirmou que receberia para transportar o ve\u00edculo de Curitiba at\u00e9 Prudent\u00f3polis Um homem foi baleado na manh\u00e3 deste domingo (13), ap\u00f3s tentar atropelar policiais militares durante uma tentativa de abordagem na BR-277, no trevo de acesso principal a Irati, sentido Imbituva. O caso envolveu uma caminhonete [&hellip;]<\/p>\n","protected":false},"author":2,"featured_media":36873,"comment_status":"open","ping_status":"open","sticky":false,"template":"","format":"standard","meta":{"footnotes":""},"categories":[185],"tags":[172],"class_list":["post-36870","post","type-post","status-publish","format-standard","has-post-thumbnail","hentry","category-regional","tag-featured"],"amp_enabled":true,"_links":{"self":[{"href":"https:\/\/radiostudiow.com.br\/site\/wp-json\/wp\/v2\/posts\/36870","targetHints":{"allow":["GET"]}}],"collection":[{"href":"https:\/\/radiostudiow.com.br\/site\/wp-json\/wp\/v2\/posts"}],"about":[{"href":"https:\/\/radiostudiow.com.br\/site\/wp-json\/wp\/v2\/types\/post"}],"author":[{"embeddable":true,"href":"https:\/\/radiostudiow.com.br\/site\/wp-json\/wp\/v2\/users\/2"}],"replies":[{"embeddable":true,"href":"https:\/\/radiostudiow.com.br\/site\/wp-json\/wp\/v2\/comments?post=36870"}],"version-history":[{"count":1,"href":"https:\/\/radiostudiow.com.br\/site\/wp-json\/wp\/v2\/posts\/36870\/revisions"}],"predecessor-version":[{"id":36874,"href":"https:\/\/radiostudiow.com.br\/site\/wp-json\/wp\/v2\/posts\/36870\/revisions\/36874"}],"wp:featuredmedia":[{"embeddable":true,"href":"https:\/\/radiostudiow.com.br\/site\/wp-json\/wp\/v2\/media\/36873"}],"wp:attachment":[{"href":"https:\/\/radiostudiow.com.br\/site\/wp-json\/wp\/v2\/media?parent=36870"}],"wp:term":[{"taxonomy":"category","embeddable":true,"href":"https:\/\/radiostudiow.com.br\/site\/wp-json\/wp\/v2\/categories?post=36870"},{"taxonomy":"post_tag","embeddable":true,"href":"https:\/\/radiostudiow.com.br\/site\/wp-json\/wp\/v2\/tags?post=36870"}],"curies":[{"name":"wp","href":"https:\/\/api.w.org\/{rel}","templated":true}]}}