{"id":36875,"date":"2025-04-13T23:01:21","date_gmt":"2025-04-14T02:01:21","guid":{"rendered":"https:\/\/radiostudiow.com.br\/site\/?p=36875"},"modified":"2025-04-13T23:01:21","modified_gmt":"2025-04-14T02:01:21","slug":"ciclista-fica-ferido-apos-colisao-com-carro-no-centro-de-mallet","status":"publish","type":"post","link":"https:\/\/radiostudiow.com.br\/site\/2025\/04\/13\/ciclista-fica-ferido-apos-colisao-com-carro-no-centro-de-mallet\/","title":{"rendered":"Ciclista fica ferido ap\u00f3s colis\u00e3o com carro no Centro de Mallet"},"content":{"rendered":"\n<p><\/p>\n\n\n\n<figure class=\"wp-block-image size-full\"><img loading=\"lazy\" decoding=\"async\" width=\"897\" height=\"204\" src=\"https:\/\/radiostudiow.com.br\/site\/wp-content\/uploads\/2025\/03\/image-62.png\" alt=\"\" class=\"wp-image-35859\" srcset=\"https:\/\/radiostudiow.com.br\/site\/wp-content\/uploads\/2025\/03\/image-62.png 897w, https:\/\/radiostudiow.com.br\/site\/wp-content\/uploads\/2025\/03\/image-62-300x68.png 300w, https:\/\/radiostudiow.com.br\/site\/wp-content\/uploads\/2025\/03\/image-62-768x175.png 768w\" sizes=\"auto, (max-width: 897px) 100vw, 897px\" \/><\/figure>\n\n\n\n<p><\/p>\n\n\n\n<p>Um ciclista ficou ferido no final da tarde deste domingo (13), por volta das 18h30, ap\u00f3s se envolver em uma colis\u00e3o com um ve\u00edculo no Centro de Mallet. <\/p>\n\n\n\n<p>De acordo com as informa\u00e7\u00f5es extra oficiais, o ciclista descia a Rua da Igreja Matriz S\u00e3o Pedro na Marechal Floriano Peixoto quando colidiu com o carro que seguia pela via transversal na Rua Vicente Machado. <\/p>\n\n\n\n<p>Populares que passavam pelo local prestaram os primeiros atendimentos at\u00e9 a chegada dos socorristas.<\/p>\n\n\n\n<p><strong>Os Brigadistas Comunit\u00e1rios F\u00e1bio, Gin\u00e9sio e Edimiro foram acionados pelo novo n\u00famero de emerg\u00eancia (42) 9 9802-1547 e atenderam rapidamente \u00e0 ocorr\u00eancia com apoio da ambul\u00e2ncia de plant\u00e3o.<\/strong><\/p>\n\n\n\n<p>A v\u00edtima foi encontrada consciente, j\u00e1 sendo amparada e ap\u00f3s os primeiros cuidados no local, os brigadistas realizaram a imobiliza\u00e7\u00e3o e encaminharam o ciclista ao Hospital S\u00e3o Pedro. <\/p>\n\n\n\n<p>Ele apresentava ferimentos aparentes nos membros inferior esquerdo e direito, al\u00e9m de les\u00f5es no bra\u00e7o direito.<\/p>\n\n\n\n<p>As causas exatas do acidente ainda devem ser apuradas.<\/p>\n\n\n\n<p><\/p>\n\n\n\n<figure class=\"wp-block-image size-full\"><img loading=\"lazy\" decoding=\"async\" width=\"897\" height=\"204\" src=\"https:\/\/radiostudiow.com.br\/site\/wp-content\/uploads\/2025\/03\/BARAO-NOVO-NOTICIAS-1.jpg\" alt=\"\" class=\"wp-image-35084\" srcset=\"https:\/\/radiostudiow.com.br\/site\/wp-content\/uploads\/2025\/03\/BARAO-NOVO-NOTICIAS-1.jpg 897w, https:\/\/radiostudiow.com.br\/site\/wp-content\/uploads\/2025\/03\/BARAO-NOVO-NOTICIAS-1-300x68.jpg 300w, https:\/\/radiostudiow.com.br\/site\/wp-content\/uploads\/2025\/03\/BARAO-NOVO-NOTICIAS-1-768x175.jpg 768w\" sizes=\"auto, (max-width: 897px) 100vw, 897px\" \/><\/figure>\n\n\n\n<p><\/p>\n\n\n\n<p>Informa\u00e7\u00f5es: Brigadistas Comunit\u00e1rios de Mallet<\/p>\n","protected":false},"excerpt":{"rendered":"<p>Um ciclista ficou ferido no final da tarde deste domingo (13), por volta das 18h30, ap\u00f3s se envolver em uma colis\u00e3o com um ve\u00edculo no Centro de Mallet. De acordo com as informa\u00e7\u00f5es extra oficiais, o ciclista descia a Rua da Igreja Matriz S\u00e3o Pedro na Marechal Floriano Peixoto quando colidiu com o carro que [&hellip;]<\/p>\n","protected":false},"author":2,"featured_media":36876,"comment_status":"open","ping_status":"open","sticky":false,"template":"","format":"standard","meta":{"footnotes":""},"categories":[184],"tags":[172],"class_list":["post-36875","post","type-post","status-publish","format-standard","has-post-thumbnail","hentry","category-local","tag-featured"],"amp_enabled":true,"_links":{"self":[{"href":"https:\/\/radiostudiow.com.br\/site\/wp-json\/wp\/v2\/posts\/36875","targetHints":{"allow":["GET"]}}],"collection":[{"href":"https:\/\/radiostudiow.com.br\/site\/wp-json\/wp\/v2\/posts"}],"about":[{"href":"https:\/\/radiostudiow.com.br\/site\/wp-json\/wp\/v2\/types\/post"}],"author":[{"embeddable":true,"href":"https:\/\/radiostudiow.com.br\/site\/wp-json\/wp\/v2\/users\/2"}],"replies":[{"embeddable":true,"href":"https:\/\/radiostudiow.com.br\/site\/wp-json\/wp\/v2\/comments?post=36875"}],"version-history":[{"count":1,"href":"https:\/\/radiostudiow.com.br\/site\/wp-json\/wp\/v2\/posts\/36875\/revisions"}],"predecessor-version":[{"id":36877,"href":"https:\/\/radiostudiow.com.br\/site\/wp-json\/wp\/v2\/posts\/36875\/revisions\/36877"}],"wp:featuredmedia":[{"embeddable":true,"href":"https:\/\/radiostudiow.com.br\/site\/wp-json\/wp\/v2\/media\/36876"}],"wp:attachment":[{"href":"https:\/\/radiostudiow.com.br\/site\/wp-json\/wp\/v2\/media?parent=36875"}],"wp:term":[{"taxonomy":"category","embeddable":true,"href":"https:\/\/radiostudiow.com.br\/site\/wp-json\/wp\/v2\/categories?post=36875"},{"taxonomy":"post_tag","embeddable":true,"href":"https:\/\/radiostudiow.com.br\/site\/wp-json\/wp\/v2\/tags?post=36875"}],"curies":[{"name":"wp","href":"https:\/\/api.w.org\/{rel}","templated":true}]}}