{"id":36878,"date":"2025-04-14T10:47:06","date_gmt":"2025-04-14T13:47:06","guid":{"rendered":"https:\/\/radiostudiow.com.br\/site\/?p=36878"},"modified":"2025-04-14T10:47:07","modified_gmt":"2025-04-14T13:47:07","slug":"homem-e-preso-com-15kg-de-maconha-em-sao-mateus-do-sul","status":"publish","type":"post","link":"https:\/\/radiostudiow.com.br\/site\/2025\/04\/14\/homem-e-preso-com-15kg-de-maconha-em-sao-mateus-do-sul\/","title":{"rendered":"Homem \u00e9 preso com 1,5kg de maconha em S\u00e3o Mateus do Sul"},"content":{"rendered":"\n<p>Ap\u00f3s recebimento de uma den\u00fancia de tr\u00e1fico de drogas, a equipe da Pol\u00edcia Militar de S\u00e3o Mateus do Sul realizou patrulhamento pelo local por volta das 18h20min desse s\u00e1bado (12). Um indiv\u00edduo foi abordado um suspeito com o qual foi localizado 12 gramas de maconha.<\/p>\n\n\n\n<p>Na resid\u00eancia denunciada foi abordado um segundo indiv\u00edduo, no local foram encontrados quatro tabletes de maconha, totalizando aproximadamente 1,5 kg, bem como uma balan\u00e7a de precis\u00e3o.<\/p>\n\n\n\n<figure class=\"wp-block-image size-full\"><img loading=\"lazy\" decoding=\"async\" width=\"897\" height=\"204\" src=\"https:\/\/radiostudiow.com.br\/site\/wp-content\/uploads\/2025\/02\/SITE-GRANDE7.png\" alt=\"\" class=\"wp-image-33861\" srcset=\"https:\/\/radiostudiow.com.br\/site\/wp-content\/uploads\/2025\/02\/SITE-GRANDE7.png 897w, https:\/\/radiostudiow.com.br\/site\/wp-content\/uploads\/2025\/02\/SITE-GRANDE7-300x68.png 300w, https:\/\/radiostudiow.com.br\/site\/wp-content\/uploads\/2025\/02\/SITE-GRANDE7-768x175.png 768w\" sizes=\"auto, (max-width: 897px) 100vw, 897px\" \/><\/figure>\n\n\n\n<p>Importa relatar que o propriet\u00e1rio da droga j\u00e1 possu\u00eda registros de ocorr\u00eancia de tr\u00e1fico de drogas, estando inclusive em benef\u00edcio do direito de monitora\u00e7\u00e3o eletr\u00f4nica, o que n\u00e3o o fez desvencilhar-se do cometimento de il\u00edcitos.<\/p>\n\n\n\n<p>Diante dos fatos, os abordados receberam voz de pris\u00e3o eforam conduzidos para a Delegacia de Pol\u00edcia Civil para provid\u00eancias.<\/p>\n\n\n\n<p><\/p>\n","protected":false},"excerpt":{"rendered":"<p>Ap\u00f3s recebimento de uma den\u00fancia de tr\u00e1fico de drogas, a equipe da Pol\u00edcia Militar de S\u00e3o Mateus do Sul realizou patrulhamento pelo local por volta das 18h20min desse s\u00e1bado (12). Um indiv\u00edduo foi abordado um suspeito com o qual foi localizado 12 gramas de maconha. Na resid\u00eancia denunciada foi abordado um segundo indiv\u00edduo, no local [&hellip;]<\/p>\n","protected":false},"author":2,"featured_media":14798,"comment_status":"open","ping_status":"open","sticky":false,"template":"","format":"standard","meta":{"footnotes":""},"categories":[2],"tags":[172],"class_list":["post-36878","post","type-post","status-publish","format-standard","has-post-thumbnail","hentry","category-policial","tag-featured"],"amp_enabled":true,"_links":{"self":[{"href":"https:\/\/radiostudiow.com.br\/site\/wp-json\/wp\/v2\/posts\/36878","targetHints":{"allow":["GET"]}}],"collection":[{"href":"https:\/\/radiostudiow.com.br\/site\/wp-json\/wp\/v2\/posts"}],"about":[{"href":"https:\/\/radiostudiow.com.br\/site\/wp-json\/wp\/v2\/types\/post"}],"author":[{"embeddable":true,"href":"https:\/\/radiostudiow.com.br\/site\/wp-json\/wp\/v2\/users\/2"}],"replies":[{"embeddable":true,"href":"https:\/\/radiostudiow.com.br\/site\/wp-json\/wp\/v2\/comments?post=36878"}],"version-history":[{"count":3,"href":"https:\/\/radiostudiow.com.br\/site\/wp-json\/wp\/v2\/posts\/36878\/revisions"}],"predecessor-version":[{"id":36915,"href":"https:\/\/radiostudiow.com.br\/site\/wp-json\/wp\/v2\/posts\/36878\/revisions\/36915"}],"wp:featuredmedia":[{"embeddable":true,"href":"https:\/\/radiostudiow.com.br\/site\/wp-json\/wp\/v2\/media\/14798"}],"wp:attachment":[{"href":"https:\/\/radiostudiow.com.br\/site\/wp-json\/wp\/v2\/media?parent=36878"}],"wp:term":[{"taxonomy":"category","embeddable":true,"href":"https:\/\/radiostudiow.com.br\/site\/wp-json\/wp\/v2\/categories?post=36878"},{"taxonomy":"post_tag","embeddable":true,"href":"https:\/\/radiostudiow.com.br\/site\/wp-json\/wp\/v2\/tags?post=36878"}],"curies":[{"name":"wp","href":"https:\/\/api.w.org\/{rel}","templated":true}]}}