{"id":36880,"date":"2025-04-14T17:45:27","date_gmt":"2025-04-14T20:45:27","guid":{"rendered":"https:\/\/radiostudiow.com.br\/site\/?p=36880"},"modified":"2025-04-14T17:45:27","modified_gmt":"2025-04-14T20:45:27","slug":"homem-e-preso-furtando-fios-eletricos-em-general-carneiro","status":"publish","type":"post","link":"https:\/\/radiostudiow.com.br\/site\/2025\/04\/14\/homem-e-preso-furtando-fios-eletricos-em-general-carneiro\/","title":{"rendered":"Homem \u00e9 preso furtando fios el\u00e9tricos em General Carneiro"},"content":{"rendered":"\n<p>A equipe da Pol\u00edcia Militar de General Carneiro tomou conhecimento de que um indiv\u00edduo estaria praticando furto em um barrac\u00e3o no bairro S\u00e3o Miguel por volta das 09h30min desse s\u00e1bado (12).<\/p>\n\n\n\n<figure class=\"wp-block-image size-full\"><img loading=\"lazy\" decoding=\"async\" width=\"897\" height=\"204\" src=\"https:\/\/radiostudiow.com.br\/site\/wp-content\/uploads\/2025\/01\/SITE-GRANDE.png\" alt=\"\" class=\"wp-image-32809\" srcset=\"https:\/\/radiostudiow.com.br\/site\/wp-content\/uploads\/2025\/01\/SITE-GRANDE.png 897w, https:\/\/radiostudiow.com.br\/site\/wp-content\/uploads\/2025\/01\/SITE-GRANDE-300x68.png 300w, https:\/\/radiostudiow.com.br\/site\/wp-content\/uploads\/2025\/01\/SITE-GRANDE-768x175.png 768w\" sizes=\"auto, (max-width: 897px) 100vw, 897px\" \/><\/figure>\n\n\n\n<p>No local os policiais abordado um homem, o qual estava com um saco pl\u00e1stico cheio de fios. Posteriormente o suspeito foi identificado e diante dos fatos foi dado-lhe voz de pris\u00e3o, o qual conduzido at\u00e9 a 4\u00aaSDP para aprecia\u00e7\u00e3o do delegado de pol\u00edcia.<\/p>\n","protected":false},"excerpt":{"rendered":"<p>A equipe da Pol\u00edcia Militar de General Carneiro tomou conhecimento de que um indiv\u00edduo estaria praticando furto em um barrac\u00e3o no bairro S\u00e3o Miguel por volta das 09h30min desse s\u00e1bado (12). No local os policiais abordado um homem, o qual estava com um saco pl\u00e1stico cheio de fios. Posteriormente o suspeito foi identificado e diante [&hellip;]<\/p>\n","protected":false},"author":2,"featured_media":32845,"comment_status":"open","ping_status":"open","sticky":false,"template":"","format":"standard","meta":{"footnotes":""},"categories":[2],"tags":[172],"class_list":["post-36880","post","type-post","status-publish","format-standard","has-post-thumbnail","hentry","category-policial","tag-featured"],"amp_enabled":true,"_links":{"self":[{"href":"https:\/\/radiostudiow.com.br\/site\/wp-json\/wp\/v2\/posts\/36880","targetHints":{"allow":["GET"]}}],"collection":[{"href":"https:\/\/radiostudiow.com.br\/site\/wp-json\/wp\/v2\/posts"}],"about":[{"href":"https:\/\/radiostudiow.com.br\/site\/wp-json\/wp\/v2\/types\/post"}],"author":[{"embeddable":true,"href":"https:\/\/radiostudiow.com.br\/site\/wp-json\/wp\/v2\/users\/2"}],"replies":[{"embeddable":true,"href":"https:\/\/radiostudiow.com.br\/site\/wp-json\/wp\/v2\/comments?post=36880"}],"version-history":[{"count":3,"href":"https:\/\/radiostudiow.com.br\/site\/wp-json\/wp\/v2\/posts\/36880\/revisions"}],"predecessor-version":[{"id":36933,"href":"https:\/\/radiostudiow.com.br\/site\/wp-json\/wp\/v2\/posts\/36880\/revisions\/36933"}],"wp:featuredmedia":[{"embeddable":true,"href":"https:\/\/radiostudiow.com.br\/site\/wp-json\/wp\/v2\/media\/32845"}],"wp:attachment":[{"href":"https:\/\/radiostudiow.com.br\/site\/wp-json\/wp\/v2\/media?parent=36880"}],"wp:term":[{"taxonomy":"category","embeddable":true,"href":"https:\/\/radiostudiow.com.br\/site\/wp-json\/wp\/v2\/categories?post=36880"},{"taxonomy":"post_tag","embeddable":true,"href":"https:\/\/radiostudiow.com.br\/site\/wp-json\/wp\/v2\/tags?post=36880"}],"curies":[{"name":"wp","href":"https:\/\/api.w.org\/{rel}","templated":true}]}}