{"id":36887,"date":"2025-04-14T10:06:58","date_gmt":"2025-04-14T13:06:58","guid":{"rendered":"https:\/\/radiostudiow.com.br\/site\/?p=36887"},"modified":"2025-04-14T10:17:14","modified_gmt":"2025-04-14T13:17:14","slug":"identificada-vitima-de-acidente-entre-carro-e-moto-em-general-carneiro","status":"publish","type":"post","link":"https:\/\/radiostudiow.com.br\/site\/2025\/04\/14\/identificada-vitima-de-acidente-entre-carro-e-moto-em-general-carneiro\/","title":{"rendered":"Motociclista perde a vida ap\u00f3s colis\u00e3o com carro em General Carneiro"},"content":{"rendered":"\n<p>Um motocicleta perdeu a vida em grave acidente nas proximidades do trevo de acesso ao munic\u00edpio de General Carneiro registrado na noite deste domingo (13).<\/p>\n\n\n\n<p>A colis\u00e3o envolveu um carro com placas de General Carneiro e uma moto emplacada em Uni\u00e3o da Vit\u00f3ria. O motociclista identificado como Nilson Hoffer, de 61 anos, foi socorrido em estado grave pelo Corpo de Bombeiros de General Carneiro e encaminhada ao Pronto Atendimento Municipal, mas n\u00e3o resistiu aos ferimentos.<\/p>\n\n\n\n<figure class=\"wp-block-image size-full\"><img loading=\"lazy\" decoding=\"async\" width=\"598\" height=\"204\" src=\"https:\/\/radiostudiow.com.br\/site\/wp-content\/uploads\/2025\/01\/SITE-MEDIO7.png\" alt=\"\" class=\"wp-image-32801\" srcset=\"https:\/\/radiostudiow.com.br\/site\/wp-content\/uploads\/2025\/01\/SITE-MEDIO7.png 598w, https:\/\/radiostudiow.com.br\/site\/wp-content\/uploads\/2025\/01\/SITE-MEDIO7-300x102.png 300w\" sizes=\"auto, (max-width: 598px) 100vw, 598px\" \/><\/figure>\n\n\n\n<p>Hoffer era Servidor da Prefeitura de General Carneiro, ele tamb\u00e9m atuava como motoboy na regi\u00e3o. At\u00e9 o momento, n\u00e3o h\u00e1 informa\u00e7\u00f5es divulgadas sobre o vel\u00f3rio e o sepultamento.<\/p>\n\n\n\n<p>As causas do acidente seguem desconhecidas e devem ser investigadas pelas autoridades competentes.<\/p>\n\n\n\n<figure class=\"wp-block-image size-full\"><img loading=\"lazy\" decoding=\"async\" width=\"320\" height=\"480\" src=\"https:\/\/radiostudiow.com.br\/site\/wp-content\/uploads\/2025\/04\/image-53-edited.png\" alt=\"\" class=\"wp-image-36891\" srcset=\"https:\/\/radiostudiow.com.br\/site\/wp-content\/uploads\/2025\/04\/image-53-edited.png 320w, https:\/\/radiostudiow.com.br\/site\/wp-content\/uploads\/2025\/04\/image-53-edited-200x300.png 200w\" sizes=\"auto, (max-width: 320px) 100vw, 320px\" \/><\/figure>\n\n\n\n<p><\/p>\n","protected":false},"excerpt":{"rendered":"<p>Um motocicleta perdeu a vida em grave acidente nas proximidades do trevo de acesso ao munic\u00edpio de General Carneiro registrado na noite deste domingo (13). A colis\u00e3o envolveu um carro com placas de General Carneiro e uma moto emplacada em Uni\u00e3o da Vit\u00f3ria. O motociclista identificado como Nilson Hoffer, de 61 anos, foi socorrido em [&hellip;]<\/p>\n","protected":false},"author":2,"featured_media":36889,"comment_status":"open","ping_status":"open","sticky":false,"template":"","format":"standard","meta":{"footnotes":""},"categories":[2],"tags":[172],"class_list":["post-36887","post","type-post","status-publish","format-standard","has-post-thumbnail","hentry","category-policial","tag-featured"],"amp_enabled":true,"_links":{"self":[{"href":"https:\/\/radiostudiow.com.br\/site\/wp-json\/wp\/v2\/posts\/36887","targetHints":{"allow":["GET"]}}],"collection":[{"href":"https:\/\/radiostudiow.com.br\/site\/wp-json\/wp\/v2\/posts"}],"about":[{"href":"https:\/\/radiostudiow.com.br\/site\/wp-json\/wp\/v2\/types\/post"}],"author":[{"embeddable":true,"href":"https:\/\/radiostudiow.com.br\/site\/wp-json\/wp\/v2\/users\/2"}],"replies":[{"embeddable":true,"href":"https:\/\/radiostudiow.com.br\/site\/wp-json\/wp\/v2\/comments?post=36887"}],"version-history":[{"count":2,"href":"https:\/\/radiostudiow.com.br\/site\/wp-json\/wp\/v2\/posts\/36887\/revisions"}],"predecessor-version":[{"id":36900,"href":"https:\/\/radiostudiow.com.br\/site\/wp-json\/wp\/v2\/posts\/36887\/revisions\/36900"}],"wp:featuredmedia":[{"embeddable":true,"href":"https:\/\/radiostudiow.com.br\/site\/wp-json\/wp\/v2\/media\/36889"}],"wp:attachment":[{"href":"https:\/\/radiostudiow.com.br\/site\/wp-json\/wp\/v2\/media?parent=36887"}],"wp:term":[{"taxonomy":"category","embeddable":true,"href":"https:\/\/radiostudiow.com.br\/site\/wp-json\/wp\/v2\/categories?post=36887"},{"taxonomy":"post_tag","embeddable":true,"href":"https:\/\/radiostudiow.com.br\/site\/wp-json\/wp\/v2\/tags?post=36887"}],"curies":[{"name":"wp","href":"https:\/\/api.w.org\/{rel}","templated":true}]}}