{"id":36893,"date":"2025-04-14T10:10:43","date_gmt":"2025-04-14T13:10:43","guid":{"rendered":"https:\/\/radiostudiow.com.br\/site\/?p=36893"},"modified":"2025-04-14T10:18:42","modified_gmt":"2025-04-14T13:18:42","slug":"enquanto-motorista-e-atendido-carreta-e-saqueada-na-br-476","status":"publish","type":"post","link":"https:\/\/radiostudiow.com.br\/site\/2025\/04\/14\/enquanto-motorista-e-atendido-carreta-e-saqueada-na-br-476\/","title":{"rendered":"Enquanto motorista \u00e9 atendido, carreta \u00e9 saqueada na BR-476 em S\u00e3o Mateus do Sul"},"content":{"rendered":"\n<p>Um caminh\u00e3o Scania branco, com placas de Conc\u00f3rdia (SC), acoplado a uma carreta preta da marca Randon, capotou na tarde deste domingo, 13 de abril, na rodovia BR-476, altura do km 255.<\/p>\n\n\n\n<p>O acidente ocorreu por volta das 17 horas e mobilizou equipes do Corpo de Bombeiros de S\u00e3o Mateus do Sul para o resgate do motorista.<\/p>\n\n\n\n<figure class=\"wp-block-image size-full\"><img loading=\"lazy\" decoding=\"async\" width=\"897\" height=\"204\" src=\"https:\/\/radiostudiow.com.br\/site\/wp-content\/uploads\/2025\/03\/SITE-GRANDE5.png\" alt=\"\" class=\"wp-image-35420\" srcset=\"https:\/\/radiostudiow.com.br\/site\/wp-content\/uploads\/2025\/03\/SITE-GRANDE5.png 897w, https:\/\/radiostudiow.com.br\/site\/wp-content\/uploads\/2025\/03\/SITE-GRANDE5-300x68.png 300w, https:\/\/radiostudiow.com.br\/site\/wp-content\/uploads\/2025\/03\/SITE-GRANDE5-768x175.png 768w\" sizes=\"auto, (max-width: 897px) 100vw, 897px\" \/><\/figure>\n\n\n\n<p>O condutor, de 38 anos, sofreu ferimentos leves e foi atendido ainda no local.&nbsp;Segundo informa\u00e7\u00f5es, o ve\u00edculo transportava uma carga de salsichas.<\/p>\n\n\n\n<p>Durante o atendimento \u00e0 v\u00edtima, populares que estavam nas proximidades aproveitaram a situa\u00e7\u00e3o para&nbsp;saquear parte da carga,&nbsp;estourando a porta traseira.<\/p>\n\n\n<div class=\"wp-block-image\">\n<figure class=\"aligncenter\"><img decoding=\"async\" src=\"https:\/\/static5.vvale.com.br\/wp-content\/uploads\/2025\/04\/ok-1-1024x538-1-720x378.jpg\" alt=\"\" class=\"wp-image-562391\"\/><\/figure>\n<\/div>\n\n\n<p>A a\u00e7\u00e3o aconteceu enquanto os socorristas prestavam assist\u00eancia ao motorista.&nbsp;A Pol\u00edcia Militar de Ant\u00f4nio Olinto auxiliou na ocorr\u00eancia at\u00e9 a chegada da Pol\u00edcia Rodovi\u00e1ria Federal.<\/p>\n\n\n\n<p>O caso ser\u00e1 investigado, e as autoridades alertam sobre as implica\u00e7\u00f5es legais do saque de cargas em situa\u00e7\u00f5es como essa.<\/p>\n\n\n\n<p><\/p>\n","protected":false},"excerpt":{"rendered":"<p>Um caminh\u00e3o Scania branco, com placas de Conc\u00f3rdia (SC), acoplado a uma carreta preta da marca Randon, capotou na tarde deste domingo, 13 de abril, na rodovia BR-476, altura do km 255. O acidente ocorreu por volta das 17 horas e mobilizou equipes do Corpo de Bombeiros de S\u00e3o Mateus do Sul para o resgate [&hellip;]<\/p>\n","protected":false},"author":2,"featured_media":36904,"comment_status":"open","ping_status":"open","sticky":false,"template":"","format":"standard","meta":{"footnotes":""},"categories":[2],"tags":[172],"class_list":["post-36893","post","type-post","status-publish","format-standard","has-post-thumbnail","hentry","category-policial","tag-featured"],"amp_enabled":true,"_links":{"self":[{"href":"https:\/\/radiostudiow.com.br\/site\/wp-json\/wp\/v2\/posts\/36893","targetHints":{"allow":["GET"]}}],"collection":[{"href":"https:\/\/radiostudiow.com.br\/site\/wp-json\/wp\/v2\/posts"}],"about":[{"href":"https:\/\/radiostudiow.com.br\/site\/wp-json\/wp\/v2\/types\/post"}],"author":[{"embeddable":true,"href":"https:\/\/radiostudiow.com.br\/site\/wp-json\/wp\/v2\/users\/2"}],"replies":[{"embeddable":true,"href":"https:\/\/radiostudiow.com.br\/site\/wp-json\/wp\/v2\/comments?post=36893"}],"version-history":[{"count":3,"href":"https:\/\/radiostudiow.com.br\/site\/wp-json\/wp\/v2\/posts\/36893\/revisions"}],"predecessor-version":[{"id":36905,"href":"https:\/\/radiostudiow.com.br\/site\/wp-json\/wp\/v2\/posts\/36893\/revisions\/36905"}],"wp:featuredmedia":[{"embeddable":true,"href":"https:\/\/radiostudiow.com.br\/site\/wp-json\/wp\/v2\/media\/36904"}],"wp:attachment":[{"href":"https:\/\/radiostudiow.com.br\/site\/wp-json\/wp\/v2\/media?parent=36893"}],"wp:term":[{"taxonomy":"category","embeddable":true,"href":"https:\/\/radiostudiow.com.br\/site\/wp-json\/wp\/v2\/categories?post=36893"},{"taxonomy":"post_tag","embeddable":true,"href":"https:\/\/radiostudiow.com.br\/site\/wp-json\/wp\/v2\/tags?post=36893"}],"curies":[{"name":"wp","href":"https:\/\/api.w.org\/{rel}","templated":true}]}}