{"id":36923,"date":"2025-04-14T17:10:54","date_gmt":"2025-04-14T20:10:54","guid":{"rendered":"https:\/\/radiostudiow.com.br\/site\/?p=36923"},"modified":"2025-04-14T17:12:05","modified_gmt":"2025-04-14T20:12:05","slug":"motociclista-fica-ferido-apos-colisao-com-carro-em-uniao-da-vitoria","status":"publish","type":"post","link":"https:\/\/radiostudiow.com.br\/site\/2025\/04\/14\/motociclista-fica-ferido-apos-colisao-com-carro-em-uniao-da-vitoria\/","title":{"rendered":"Motociclista fica ferido ap\u00f3s colis\u00e3o com carro em Uni\u00e3o da Vit\u00f3ria"},"content":{"rendered":"\n<p>Um acidente de tr\u00e2nsito foi registrado na regi\u00e3o do trevo do bairro S\u00e3o Joaquim, nas proximidades do Centro Comunit\u00e1rio, em Uni\u00e3o da Vit\u00f3ria por volta das 12h45min deste domingo (13).<\/p>\n\n\n\n<figure class=\"wp-block-image size-full\"><img loading=\"lazy\" decoding=\"async\" width=\"598\" height=\"204\" src=\"https:\/\/radiostudiow.com.br\/site\/wp-content\/uploads\/2025\/01\/SITE-MEDIO3.png\" alt=\"\" class=\"wp-image-32815\" srcset=\"https:\/\/radiostudiow.com.br\/site\/wp-content\/uploads\/2025\/01\/SITE-MEDIO3.png 598w, https:\/\/radiostudiow.com.br\/site\/wp-content\/uploads\/2025\/01\/SITE-MEDIO3-300x102.png 300w\" sizes=\"auto, (max-width: 598px) 100vw, 598px\" \/><\/figure>\n\n\n\n<p>A colis\u00e3o envolveu uma motocicleta Honda e um autom\u00f3vel Fiat P\u00e1lio com placas de Guarapuava-PR. O motociclista ficou ferido e recebeu os primeiros socorros no local, sendo posteriormente encaminhado pelo Servi\u00e7o de Atendimento M\u00f3vel de Urg\u00eancia (SAMU) ao Hospital Regional.<\/p>\n\n\n\n<p>O motorista do Fiat P\u00e1lio n\u00e3o se feriu e prestou os primeiros atendimentos \u00e0 v\u00edtima, acionando imediatamente o servi\u00e7o de resgate.<\/p>\n\n\n\n<figure class=\"wp-block-image\" id=\"attachment_562485\"><a href=\"https:\/\/www.vvale.com.br\/transito\/motociclista-fica-ferido-em-acidente-no-trevo-do-bairro-sao-joaquim\/attachment\/whatsapp-image-2025-04-14-at-15-42-12\/\"><img decoding=\"async\" src=\"https:\/\/static5.vvale.com.br\/wp-content\/uploads\/2025\/04\/WhatsApp-Image-2025-04-14-at-15.42.12-720x405.jpeg\" alt=\"\" class=\"wp-image-562485\"\/><\/a><figcaption class=\"wp-element-caption\">(Foto: Assis, o rep\u00f3rter).<\/figcaption><\/figure>\n","protected":false},"excerpt":{"rendered":"<p>Um acidente de tr\u00e2nsito foi registrado na regi\u00e3o do trevo do bairro S\u00e3o Joaquim, nas proximidades do Centro Comunit\u00e1rio, em Uni\u00e3o da Vit\u00f3ria por volta das 12h45min deste domingo (13). A colis\u00e3o envolveu uma motocicleta Honda e um autom\u00f3vel Fiat P\u00e1lio com placas de Guarapuava-PR. O motociclista ficou ferido e recebeu os primeiros socorros no [&hellip;]<\/p>\n","protected":false},"author":2,"featured_media":36924,"comment_status":"open","ping_status":"open","sticky":false,"template":"","format":"standard","meta":{"footnotes":""},"categories":[185],"tags":[172],"class_list":["post-36923","post","type-post","status-publish","format-standard","has-post-thumbnail","hentry","category-regional","tag-featured"],"amp_enabled":true,"_links":{"self":[{"href":"https:\/\/radiostudiow.com.br\/site\/wp-json\/wp\/v2\/posts\/36923","targetHints":{"allow":["GET"]}}],"collection":[{"href":"https:\/\/radiostudiow.com.br\/site\/wp-json\/wp\/v2\/posts"}],"about":[{"href":"https:\/\/radiostudiow.com.br\/site\/wp-json\/wp\/v2\/types\/post"}],"author":[{"embeddable":true,"href":"https:\/\/radiostudiow.com.br\/site\/wp-json\/wp\/v2\/users\/2"}],"replies":[{"embeddable":true,"href":"https:\/\/radiostudiow.com.br\/site\/wp-json\/wp\/v2\/comments?post=36923"}],"version-history":[{"count":2,"href":"https:\/\/radiostudiow.com.br\/site\/wp-json\/wp\/v2\/posts\/36923\/revisions"}],"predecessor-version":[{"id":36928,"href":"https:\/\/radiostudiow.com.br\/site\/wp-json\/wp\/v2\/posts\/36923\/revisions\/36928"}],"wp:featuredmedia":[{"embeddable":true,"href":"https:\/\/radiostudiow.com.br\/site\/wp-json\/wp\/v2\/media\/36924"}],"wp:attachment":[{"href":"https:\/\/radiostudiow.com.br\/site\/wp-json\/wp\/v2\/media?parent=36923"}],"wp:term":[{"taxonomy":"category","embeddable":true,"href":"https:\/\/radiostudiow.com.br\/site\/wp-json\/wp\/v2\/categories?post=36923"},{"taxonomy":"post_tag","embeddable":true,"href":"https:\/\/radiostudiow.com.br\/site\/wp-json\/wp\/v2\/tags?post=36923"}],"curies":[{"name":"wp","href":"https:\/\/api.w.org\/{rel}","templated":true}]}}