{"id":36929,"date":"2025-04-14T17:25:04","date_gmt":"2025-04-14T20:25:04","guid":{"rendered":"https:\/\/radiostudiow.com.br\/site\/?p=36929"},"modified":"2025-04-14T17:25:05","modified_gmt":"2025-04-14T20:25:05","slug":"suspeito-de-homicidio-se-entrega-quase-dois-meses-apos-o-crime-que-ocorreu-em-porto-uniao","status":"publish","type":"post","link":"https:\/\/radiostudiow.com.br\/site\/2025\/04\/14\/suspeito-de-homicidio-se-entrega-quase-dois-meses-apos-o-crime-que-ocorreu-em-porto-uniao\/","title":{"rendered":"Suspeito de homic\u00eddio se entrega quase dois meses ap\u00f3s o crime que ocorreu em Porto Uni\u00e3o"},"content":{"rendered":"\n<p>O crime ocorreu na madrugada do dia 15 de fevereiro de 2025, por volta das 03 horas, na Rua Ger\u00f4nimo Coelho, na \u00e1rea central de Porto Uni\u00e3o.<\/p>\n\n\n\n<p>A v\u00edtima,\u00a0Alisson Kau\u00ea Hacker, foi atingida por um disparo de arma de fogo\u00a0na regi\u00e3o da cabe\u00e7a e n\u00e3o resistiu aos ferimentos.<\/p>\n\n\n\n<figure class=\"wp-block-image size-full\"><img loading=\"lazy\" decoding=\"async\" width=\"897\" height=\"204\" src=\"https:\/\/radiostudiow.com.br\/site\/wp-content\/uploads\/2025\/03\/image-62.png\" alt=\"\" class=\"wp-image-35859\" srcset=\"https:\/\/radiostudiow.com.br\/site\/wp-content\/uploads\/2025\/03\/image-62.png 897w, https:\/\/radiostudiow.com.br\/site\/wp-content\/uploads\/2025\/03\/image-62-300x68.png 300w, https:\/\/radiostudiow.com.br\/site\/wp-content\/uploads\/2025\/03\/image-62-768x175.png 768w\" sizes=\"auto, (max-width: 897px) 100vw, 897px\" \/><\/figure>\n\n\n\n<p>Desde ent\u00e3o, o principal suspeito do crime, identificado pelas iniciais C.R.S., permaneceu foragido. No entanto, nesta segunda-feira, 14 de abril, ele se apresentou voluntariamente \u00e0 23\u00aa Delegacia de Pol\u00edcia Civil da Comarca de Porto Uni\u00e3o, acompanhado de seu advogado, Dr. Jo\u00e3o Maria.<\/p>\n\n\n\n<p>O caso est\u00e1 sob segredo de justi\u00e7a e segue agora para a fase instrut\u00f3ria do processo.<\/p>\n\n\n\n<figure class=\"wp-block-embed is-type-wp-embed is-provider-studio-w wp-block-embed-studio-w\"><div class=\"wp-block-embed__wrapper\">\n<blockquote class=\"wp-embedded-content\" data-secret=\"eyN7n6b65F\"><a href=\"https:\/\/radiostudiow.com.br\/site\/2025\/02\/19\/morre-no-hospital-vitima-de-disparo-de-arma-de-fogo-em-porto-uniao\/\">Morre no hospital v\u00edtima de disparo de arma de fogo em Porto Uni\u00e3o<\/a><\/blockquote><iframe loading=\"lazy\" class=\"wp-embedded-content\" sandbox=\"allow-scripts\" security=\"restricted\" style=\"position: absolute; visibility: hidden;\" title=\"&#8220;Morre no hospital v\u00edtima de disparo de arma de fogo em Porto Uni\u00e3o&#8221; &#8212; Studio W\" src=\"https:\/\/radiostudiow.com.br\/site\/2025\/02\/19\/morre-no-hospital-vitima-de-disparo-de-arma-de-fogo-em-porto-uniao\/embed\/#?secret=o4WWuGNncb#?secret=eyN7n6b65F\" data-secret=\"eyN7n6b65F\" width=\"600\" height=\"338\" frameborder=\"0\" marginwidth=\"0\" marginheight=\"0\" scrolling=\"no\"><\/iframe>\n<\/div><\/figure>\n","protected":false},"excerpt":{"rendered":"<p>O crime ocorreu na madrugada do dia 15 de fevereiro de 2025, por volta das 03 horas, na Rua Ger\u00f4nimo Coelho, na \u00e1rea central de Porto Uni\u00e3o. A v\u00edtima,\u00a0Alisson Kau\u00ea Hacker, foi atingida por um disparo de arma de fogo\u00a0na regi\u00e3o da cabe\u00e7a e n\u00e3o resistiu aos ferimentos. Desde ent\u00e3o, o principal suspeito do crime, [&hellip;]<\/p>\n","protected":false},"author":2,"featured_media":34426,"comment_status":"open","ping_status":"open","sticky":false,"template":"","format":"standard","meta":{"footnotes":""},"categories":[2],"tags":[172],"class_list":["post-36929","post","type-post","status-publish","format-standard","has-post-thumbnail","hentry","category-policial","tag-featured"],"amp_enabled":true,"_links":{"self":[{"href":"https:\/\/radiostudiow.com.br\/site\/wp-json\/wp\/v2\/posts\/36929","targetHints":{"allow":["GET"]}}],"collection":[{"href":"https:\/\/radiostudiow.com.br\/site\/wp-json\/wp\/v2\/posts"}],"about":[{"href":"https:\/\/radiostudiow.com.br\/site\/wp-json\/wp\/v2\/types\/post"}],"author":[{"embeddable":true,"href":"https:\/\/radiostudiow.com.br\/site\/wp-json\/wp\/v2\/users\/2"}],"replies":[{"embeddable":true,"href":"https:\/\/radiostudiow.com.br\/site\/wp-json\/wp\/v2\/comments?post=36929"}],"version-history":[{"count":2,"href":"https:\/\/radiostudiow.com.br\/site\/wp-json\/wp\/v2\/posts\/36929\/revisions"}],"predecessor-version":[{"id":36931,"href":"https:\/\/radiostudiow.com.br\/site\/wp-json\/wp\/v2\/posts\/36929\/revisions\/36931"}],"wp:featuredmedia":[{"embeddable":true,"href":"https:\/\/radiostudiow.com.br\/site\/wp-json\/wp\/v2\/media\/34426"}],"wp:attachment":[{"href":"https:\/\/radiostudiow.com.br\/site\/wp-json\/wp\/v2\/media?parent=36929"}],"wp:term":[{"taxonomy":"category","embeddable":true,"href":"https:\/\/radiostudiow.com.br\/site\/wp-json\/wp\/v2\/categories?post=36929"},{"taxonomy":"post_tag","embeddable":true,"href":"https:\/\/radiostudiow.com.br\/site\/wp-json\/wp\/v2\/tags?post=36929"}],"curies":[{"name":"wp","href":"https:\/\/api.w.org\/{rel}","templated":true}]}}