{"id":36941,"date":"2025-04-15T09:19:17","date_gmt":"2025-04-15T12:19:17","guid":{"rendered":"https:\/\/radiostudiow.com.br\/site\/?p=36941"},"modified":"2025-04-15T09:19:17","modified_gmt":"2025-04-15T12:19:17","slug":"grave-acidente-na-br-280-entre-canoinhas-e-irineopolis-deixa-uma-pessoa-morta-e-duas-feridas","status":"publish","type":"post","link":"https:\/\/radiostudiow.com.br\/site\/2025\/04\/15\/grave-acidente-na-br-280-entre-canoinhas-e-irineopolis-deixa-uma-pessoa-morta-e-duas-feridas\/","title":{"rendered":"Grave Acidente na BR-280 entre Canoinhas e Irine\u00f3polis Deixa uma Pessoa Morta e Duas Feridas"},"content":{"rendered":"\n<p>O Corpo de Bombeiros de Irine\u00f3polis foi acionado para atender a um acidente na BR-280 no trecho entre Canoinhas e Irine\u00f3polis, pr\u00f3ximo da subesta\u00e7\u00e3o da Celesc por volta das 19h40min desta segunda-feira (14).<\/p>\n\n\n\n<figure class=\"wp-block-image size-full\"><img loading=\"lazy\" decoding=\"async\" width=\"897\" height=\"204\" src=\"https:\/\/radiostudiow.com.br\/site\/wp-content\/uploads\/2025\/01\/SITE-GRANDE3.png\" alt=\"\" class=\"wp-image-32900\" srcset=\"https:\/\/radiostudiow.com.br\/site\/wp-content\/uploads\/2025\/01\/SITE-GRANDE3.png 897w, https:\/\/radiostudiow.com.br\/site\/wp-content\/uploads\/2025\/01\/SITE-GRANDE3-300x68.png 300w, https:\/\/radiostudiow.com.br\/site\/wp-content\/uploads\/2025\/01\/SITE-GRANDE3-768x175.png 768w\" sizes=\"auto, (max-width: 897px) 100vw, 897px\" \/><\/figure>\n\n\n\n<p>No local a colis\u00e3o envolveu um caminh\u00e3o Mercedes Benz Atego com placas de Arabut\u00e3\/SC e um ve\u00edculo VW Gol com placas de Canoinhas\/SC, sendo que no ve\u00edculo Gol, infelizmente o condutor veio a \u00f3bito e uma senhora foi socorrida em estado grave e conduzida para o hospital de Canoinhas.<\/p>\n\n\n\n<p>O condutor do caminh\u00e3o tamb\u00e9m se feriu com menor gravidade e foi conduzido a princ\u00edpio para o hospital de Irine\u00f3polis. A equipe do SAMU prestou apoio. A Pol\u00edcia Rodovi\u00e1ria Federal e a Pol\u00edcia Cient\u00edfica foram acionadas para o local\u00a0da\u00a0ocorr\u00eancia.<\/p>\n\n\n\n<figure class=\"wp-block-image size-full\"><img loading=\"lazy\" decoding=\"async\" width=\"660\" height=\"372\" src=\"https:\/\/radiostudiow.com.br\/site\/wp-content\/uploads\/2025\/04\/image-55.png\" alt=\"\" class=\"wp-image-36942\" srcset=\"https:\/\/radiostudiow.com.br\/site\/wp-content\/uploads\/2025\/04\/image-55.png 660w, https:\/\/radiostudiow.com.br\/site\/wp-content\/uploads\/2025\/04\/image-55-300x169.png 300w\" sizes=\"auto, (max-width: 660px) 100vw, 660px\" \/><\/figure>\n\n\n\n<figure class=\"wp-block-image size-full\"><img loading=\"lazy\" decoding=\"async\" width=\"660\" height=\"371\" src=\"https:\/\/radiostudiow.com.br\/site\/wp-content\/uploads\/2025\/04\/image-56.png\" alt=\"\" class=\"wp-image-36943\" srcset=\"https:\/\/radiostudiow.com.br\/site\/wp-content\/uploads\/2025\/04\/image-56.png 660w, https:\/\/radiostudiow.com.br\/site\/wp-content\/uploads\/2025\/04\/image-56-300x169.png 300w\" sizes=\"auto, (max-width: 660px) 100vw, 660px\" \/><figcaption class=\"wp-element-caption\">Foto: Recebida via Whatsapp<\/figcaption><\/figure>\n","protected":false},"excerpt":{"rendered":"<p>O Corpo de Bombeiros de Irine\u00f3polis foi acionado para atender a um acidente na BR-280 no trecho entre Canoinhas e Irine\u00f3polis, pr\u00f3ximo da subesta\u00e7\u00e3o da Celesc por volta das 19h40min desta segunda-feira (14). No local a colis\u00e3o envolveu um caminh\u00e3o Mercedes Benz Atego com placas de Arabut\u00e3\/SC e um ve\u00edculo VW Gol com placas de [&hellip;]<\/p>\n","protected":false},"author":2,"featured_media":36942,"comment_status":"open","ping_status":"open","sticky":false,"template":"","format":"standard","meta":{"footnotes":""},"categories":[185],"tags":[172],"class_list":["post-36941","post","type-post","status-publish","format-standard","has-post-thumbnail","hentry","category-regional","tag-featured"],"amp_enabled":true,"_links":{"self":[{"href":"https:\/\/radiostudiow.com.br\/site\/wp-json\/wp\/v2\/posts\/36941","targetHints":{"allow":["GET"]}}],"collection":[{"href":"https:\/\/radiostudiow.com.br\/site\/wp-json\/wp\/v2\/posts"}],"about":[{"href":"https:\/\/radiostudiow.com.br\/site\/wp-json\/wp\/v2\/types\/post"}],"author":[{"embeddable":true,"href":"https:\/\/radiostudiow.com.br\/site\/wp-json\/wp\/v2\/users\/2"}],"replies":[{"embeddable":true,"href":"https:\/\/radiostudiow.com.br\/site\/wp-json\/wp\/v2\/comments?post=36941"}],"version-history":[{"count":1,"href":"https:\/\/radiostudiow.com.br\/site\/wp-json\/wp\/v2\/posts\/36941\/revisions"}],"predecessor-version":[{"id":36944,"href":"https:\/\/radiostudiow.com.br\/site\/wp-json\/wp\/v2\/posts\/36941\/revisions\/36944"}],"wp:featuredmedia":[{"embeddable":true,"href":"https:\/\/radiostudiow.com.br\/site\/wp-json\/wp\/v2\/media\/36942"}],"wp:attachment":[{"href":"https:\/\/radiostudiow.com.br\/site\/wp-json\/wp\/v2\/media?parent=36941"}],"wp:term":[{"taxonomy":"category","embeddable":true,"href":"https:\/\/radiostudiow.com.br\/site\/wp-json\/wp\/v2\/categories?post=36941"},{"taxonomy":"post_tag","embeddable":true,"href":"https:\/\/radiostudiow.com.br\/site\/wp-json\/wp\/v2\/tags?post=36941"}],"curies":[{"name":"wp","href":"https:\/\/api.w.org\/{rel}","templated":true}]}}