{"id":36947,"date":"2025-04-15T09:30:13","date_gmt":"2025-04-15T12:30:13","guid":{"rendered":"https:\/\/radiostudiow.com.br\/site\/?p=36947"},"modified":"2025-04-15T09:30:13","modified_gmt":"2025-04-15T12:30:13","slug":"veiculo-furtado-em-general-carneiro-e-localizado-em-area-de-mata","status":"publish","type":"post","link":"https:\/\/radiostudiow.com.br\/site\/2025\/04\/15\/veiculo-furtado-em-general-carneiro-e-localizado-em-area-de-mata\/","title":{"rendered":"Ve\u00edculo furtado em General Carneiro \u00e9 localizado em \u00e1rea de mata"},"content":{"rendered":"\n<p>A equipe da Pol\u00edcia Militar de General Carneiro foi acionada ap\u00f3s tomar conhecimento do furto de um\u00a0ve\u00edculo VW Saveiro, ocorrido no munic\u00edpio por volta das 12h20min desta segunda-feira (14).<\/p>\n\n\n\n<figure class=\"wp-block-image size-full\"><img loading=\"lazy\" decoding=\"async\" width=\"897\" height=\"204\" src=\"https:\/\/radiostudiow.com.br\/site\/wp-content\/uploads\/2025\/02\/SITE-GRANDE7.png\" alt=\"\" class=\"wp-image-33861\" srcset=\"https:\/\/radiostudiow.com.br\/site\/wp-content\/uploads\/2025\/02\/SITE-GRANDE7.png 897w, https:\/\/radiostudiow.com.br\/site\/wp-content\/uploads\/2025\/02\/SITE-GRANDE7-300x68.png 300w, https:\/\/radiostudiow.com.br\/site\/wp-content\/uploads\/2025\/02\/SITE-GRANDE7-768x175.png 768w\" sizes=\"auto, (max-width: 897px) 100vw, 897px\" \/><\/figure>\n\n\n\n<p>Ap\u00f3s dilig\u00eancias realizadas na regi\u00e3o,\u00a0os policiais conseguiram localizar o autom\u00f3vel abandonado em uma \u00e1rea de mata pr\u00f3xima \u00e0s margens da BR-153.<\/p>\n\n\n\n<p>A ocorr\u00eancia foi apresentada \u00e0 Delegacia de Pol\u00edcia Civil para os procedimentos cab\u00edveis. As circunst\u00e2ncias do furto seguem sendo investigadas.<\/p>\n","protected":false},"excerpt":{"rendered":"<p>A equipe da Pol\u00edcia Militar de General Carneiro foi acionada ap\u00f3s tomar conhecimento do furto de um\u00a0ve\u00edculo VW Saveiro, ocorrido no munic\u00edpio por volta das 12h20min desta segunda-feira (14). Ap\u00f3s dilig\u00eancias realizadas na regi\u00e3o,\u00a0os policiais conseguiram localizar o autom\u00f3vel abandonado em uma \u00e1rea de mata pr\u00f3xima \u00e0s margens da BR-153. A ocorr\u00eancia foi apresentada \u00e0 [&hellip;]<\/p>\n","protected":false},"author":2,"featured_media":36948,"comment_status":"open","ping_status":"open","sticky":false,"template":"","format":"standard","meta":{"footnotes":""},"categories":[2],"tags":[172],"class_list":["post-36947","post","type-post","status-publish","format-standard","has-post-thumbnail","hentry","category-policial","tag-featured"],"amp_enabled":true,"_links":{"self":[{"href":"https:\/\/radiostudiow.com.br\/site\/wp-json\/wp\/v2\/posts\/36947","targetHints":{"allow":["GET"]}}],"collection":[{"href":"https:\/\/radiostudiow.com.br\/site\/wp-json\/wp\/v2\/posts"}],"about":[{"href":"https:\/\/radiostudiow.com.br\/site\/wp-json\/wp\/v2\/types\/post"}],"author":[{"embeddable":true,"href":"https:\/\/radiostudiow.com.br\/site\/wp-json\/wp\/v2\/users\/2"}],"replies":[{"embeddable":true,"href":"https:\/\/radiostudiow.com.br\/site\/wp-json\/wp\/v2\/comments?post=36947"}],"version-history":[{"count":1,"href":"https:\/\/radiostudiow.com.br\/site\/wp-json\/wp\/v2\/posts\/36947\/revisions"}],"predecessor-version":[{"id":36949,"href":"https:\/\/radiostudiow.com.br\/site\/wp-json\/wp\/v2\/posts\/36947\/revisions\/36949"}],"wp:featuredmedia":[{"embeddable":true,"href":"https:\/\/radiostudiow.com.br\/site\/wp-json\/wp\/v2\/media\/36948"}],"wp:attachment":[{"href":"https:\/\/radiostudiow.com.br\/site\/wp-json\/wp\/v2\/media?parent=36947"}],"wp:term":[{"taxonomy":"category","embeddable":true,"href":"https:\/\/radiostudiow.com.br\/site\/wp-json\/wp\/v2\/categories?post=36947"},{"taxonomy":"post_tag","embeddable":true,"href":"https:\/\/radiostudiow.com.br\/site\/wp-json\/wp\/v2\/tags?post=36947"}],"curies":[{"name":"wp","href":"https:\/\/api.w.org\/{rel}","templated":true}]}}