{"id":36950,"date":"2025-04-15T09:44:02","date_gmt":"2025-04-15T12:44:02","guid":{"rendered":"https:\/\/radiostudiow.com.br\/site\/?p=36950"},"modified":"2025-04-15T09:44:02","modified_gmt":"2025-04-15T12:44:02","slug":"morador-de-general-carneiro-esta-desaparecido-bombeiros-realizam-buscas-no-rio-jangada","status":"publish","type":"post","link":"https:\/\/radiostudiow.com.br\/site\/2025\/04\/15\/morador-de-general-carneiro-esta-desaparecido-bombeiros-realizam-buscas-no-rio-jangada\/","title":{"rendered":"Morador de General Carneiro est\u00e1 desaparecido. Bombeiros realizam buscas no Rio Jangada"},"content":{"rendered":"\n<p>Um homem de 47 anos, identificado como\u00a0Emerson Martins Ferreira,\u00a0est\u00e1\u00a0desaparecido desde a noite do \u00faltimo s\u00e1bado, 12 de abril, na localidade de Jangada, em General Carneiro. Segundo informa\u00e7\u00f5es de familiares,\u00a0Emerson sofre com problemas de ordem psicol\u00f3gica e teria sa\u00eddo de casa com destino desconhecido.<\/p>\n\n\n\n<p>A \u00faltima vez que ele foi visto foi na tarde de sexta-feira, 11. No decorrer das buscas,\u00a0familiares localizaram pertences que pertencem ao desaparecido pr\u00f3ximos \u00e0 margem do Rio Jangada,\u00a0o que levantou preocupa\u00e7\u00f5es.<\/p>\n\n\n\n<figure class=\"wp-block-image size-full\"><img loading=\"lazy\" decoding=\"async\" width=\"897\" height=\"204\" src=\"https:\/\/radiostudiow.com.br\/site\/wp-content\/uploads\/2025\/01\/SITE-GRANDE2.png\" alt=\"\" class=\"wp-image-32805\" srcset=\"https:\/\/radiostudiow.com.br\/site\/wp-content\/uploads\/2025\/01\/SITE-GRANDE2.png 897w, https:\/\/radiostudiow.com.br\/site\/wp-content\/uploads\/2025\/01\/SITE-GRANDE2-300x68.png 300w, https:\/\/radiostudiow.com.br\/site\/wp-content\/uploads\/2025\/01\/SITE-GRANDE2-768x175.png 768w\" sizes=\"auto, (max-width: 897px) 100vw, 897px\" \/><\/figure>\n\n\n\n<p>Diante da situa\u00e7\u00e3o, a brigada comunit\u00e1ria de General Carneiro iniciou os trabalhos de busca ainda no fim de semana. O Corpo de Bombeiros de Uni\u00e3o da Vit\u00f3ria foi acionado e enviou uma guarni\u00e7\u00e3o para apoiar a opera\u00e7\u00e3o.\u00a0As buscas envolvem a\u00e7\u00f5es terrestres e aqu\u00e1ticas, por\u00e9m, a regi\u00e3o \u00e9 pouco habitada, de mata densa, e o rio possui corredeiras e \u00e1guas r\u00e1pidas, o que dificulta a navega\u00e7\u00e3o e o trabalho das equipes.<\/p>\n\n\n\n<p>Na segunda-feira, 14, as buscas foram refor\u00e7adas com o uso de dois drones de volunt\u00e1rios que ajudaram na varredura da \u00e1rea. Tamb\u00e9m houve o deslocamento de equipes especializadas do Grupo de Opera\u00e7\u00f5es de Socorro T\u00e1tico (GOST), que atuam com apoio de um c\u00e3o farejador treinado para esse tipo de ocorr\u00eancia.<\/p>\n\n\n\n<figure class=\"wp-block-image size-full\"><img loading=\"lazy\" decoding=\"async\" width=\"300\" height=\"180\" src=\"https:\/\/radiostudiow.com.br\/site\/wp-content\/uploads\/2025\/01\/SITE-PEQUENO.png\" alt=\"\" class=\"wp-image-32833\"\/><\/figure>\n\n\n\n<p>As buscas continuam ao longo desta ter\u00e7a-feira (15), com o esfor\u00e7o concentrado das equipes envolvidas para localizar Emerson. Familiares e moradores da regi\u00e3o acompanham a movimenta\u00e7\u00e3o com apreens\u00e3o.<\/p>\n\n\n\n<figure class=\"wp-block-image size-full\"><img loading=\"lazy\" decoding=\"async\" width=\"480\" height=\"864\" src=\"https:\/\/radiostudiow.com.br\/site\/wp-content\/uploads\/2025\/04\/image-59.png\" alt=\"\" class=\"wp-image-36953\" srcset=\"https:\/\/radiostudiow.com.br\/site\/wp-content\/uploads\/2025\/04\/image-59.png 480w, https:\/\/radiostudiow.com.br\/site\/wp-content\/uploads\/2025\/04\/image-59-167x300.png 167w\" sizes=\"auto, (max-width: 480px) 100vw, 480px\" \/><\/figure>\n","protected":false},"excerpt":{"rendered":"<p>Um homem de 47 anos, identificado como\u00a0Emerson Martins Ferreira,\u00a0est\u00e1\u00a0desaparecido desde a noite do \u00faltimo s\u00e1bado, 12 de abril, na localidade de Jangada, em General Carneiro. Segundo informa\u00e7\u00f5es de familiares,\u00a0Emerson sofre com problemas de ordem psicol\u00f3gica e teria sa\u00eddo de casa com destino desconhecido. A \u00faltima vez que ele foi visto foi na tarde de sexta-feira, [&hellip;]<\/p>\n","protected":false},"author":2,"featured_media":36952,"comment_status":"open","ping_status":"open","sticky":false,"template":"","format":"standard","meta":{"footnotes":""},"categories":[185],"tags":[172],"class_list":["post-36950","post","type-post","status-publish","format-standard","has-post-thumbnail","hentry","category-regional","tag-featured"],"amp_enabled":true,"_links":{"self":[{"href":"https:\/\/radiostudiow.com.br\/site\/wp-json\/wp\/v2\/posts\/36950","targetHints":{"allow":["GET"]}}],"collection":[{"href":"https:\/\/radiostudiow.com.br\/site\/wp-json\/wp\/v2\/posts"}],"about":[{"href":"https:\/\/radiostudiow.com.br\/site\/wp-json\/wp\/v2\/types\/post"}],"author":[{"embeddable":true,"href":"https:\/\/radiostudiow.com.br\/site\/wp-json\/wp\/v2\/users\/2"}],"replies":[{"embeddable":true,"href":"https:\/\/radiostudiow.com.br\/site\/wp-json\/wp\/v2\/comments?post=36950"}],"version-history":[{"count":2,"href":"https:\/\/radiostudiow.com.br\/site\/wp-json\/wp\/v2\/posts\/36950\/revisions"}],"predecessor-version":[{"id":36954,"href":"https:\/\/radiostudiow.com.br\/site\/wp-json\/wp\/v2\/posts\/36950\/revisions\/36954"}],"wp:featuredmedia":[{"embeddable":true,"href":"https:\/\/radiostudiow.com.br\/site\/wp-json\/wp\/v2\/media\/36952"}],"wp:attachment":[{"href":"https:\/\/radiostudiow.com.br\/site\/wp-json\/wp\/v2\/media?parent=36950"}],"wp:term":[{"taxonomy":"category","embeddable":true,"href":"https:\/\/radiostudiow.com.br\/site\/wp-json\/wp\/v2\/categories?post=36950"},{"taxonomy":"post_tag","embeddable":true,"href":"https:\/\/radiostudiow.com.br\/site\/wp-json\/wp\/v2\/tags?post=36950"}],"curies":[{"name":"wp","href":"https:\/\/api.w.org\/{rel}","templated":true}]}}