{"id":36968,"date":"2025-04-15T18:41:03","date_gmt":"2025-04-15T21:41:03","guid":{"rendered":"https:\/\/radiostudiow.com.br\/site\/?p=36968"},"modified":"2025-04-15T18:41:04","modified_gmt":"2025-04-15T21:41:04","slug":"mulher-e-ameacada-com-facao-pela-ex-nora-em-imbituva","status":"publish","type":"post","link":"https:\/\/radiostudiow.com.br\/site\/2025\/04\/15\/mulher-e-ameacada-com-facao-pela-ex-nora-em-imbituva\/","title":{"rendered":"Mulher \u00e9 amea\u00e7ada com fac\u00e3o pela ex-nora em Imbituva"},"content":{"rendered":"\n<p>A equipe da Pol\u00edcia Militar de Imbituva foi acionada para atender uma ocorr\u00eancia de amea\u00e7a na Vila Zezo,  por volta das 23 horas na noite de segunda-feira (14). No local, uma mulher relatou ter sido amea\u00e7ada com um fac\u00e3o durante uma discuss\u00e3o com sua ex-nora.<\/p>\n\n\n\n<p>Segundo a v\u00edtima, o desentendimento come\u00e7ou por volta das 21 horas, quando a ex-nora foi at\u00e9 sua resid\u00eancia para falar com seu ex-companheiro, filho da solicitante. Ao tentar impedir o contato, as duas acabaram entrando em confronto f\u00edsico. Durante a briga, a autora teria se armado com um fac\u00e3o e amea\u00e7ado a v\u00edtima, que n\u00e3o chegou a ser ferida.<\/p>\n\n\n\n<figure class=\"wp-block-image size-full\"><img loading=\"lazy\" decoding=\"async\" width=\"897\" height=\"204\" src=\"https:\/\/radiostudiow.com.br\/site\/wp-content\/uploads\/2025\/03\/BARAO-NOVO-NOTICIAS-1.jpg\" alt=\"\" class=\"wp-image-35084\" srcset=\"https:\/\/radiostudiow.com.br\/site\/wp-content\/uploads\/2025\/03\/BARAO-NOVO-NOTICIAS-1.jpg 897w, https:\/\/radiostudiow.com.br\/site\/wp-content\/uploads\/2025\/03\/BARAO-NOVO-NOTICIAS-1-300x68.jpg 300w, https:\/\/radiostudiow.com.br\/site\/wp-content\/uploads\/2025\/03\/BARAO-NOVO-NOTICIAS-1-768x175.jpg 768w\" sizes=\"auto, (max-width: 897px) 100vw, 897px\" \/><\/figure>\n\n\n\n<p>Ap\u00f3s o ocorrido, a ex-n<strong>o<\/strong>ra teria deixado o local, mas retornado v\u00e1rias vezes passando em frente \u00e0 resid\u00eancia da v\u00edtima com um ve\u00edculo VW Gol de cor azul.<\/p>\n\n\n\n<p>A Pol\u00edcia Militar realizou patrulhamento, por\u00e9m n\u00e3o localizou a suspeita. A v\u00edtima foi orientada quanto aos procedimentos legais e sobre seu direito de representa\u00e7\u00e3o judicial contra a autora.<\/p>\n","protected":false},"excerpt":{"rendered":"<p>A equipe da Pol\u00edcia Militar de Imbituva foi acionada para atender uma ocorr\u00eancia de amea\u00e7a na Vila Zezo, por volta das 23 horas na noite de segunda-feira (14). No local, uma mulher relatou ter sido amea\u00e7ada com um fac\u00e3o durante uma discuss\u00e3o com sua ex-nora. Segundo a v\u00edtima, o desentendimento come\u00e7ou por volta das 21 [&hellip;]<\/p>\n","protected":false},"author":2,"featured_media":19871,"comment_status":"open","ping_status":"open","sticky":false,"template":"","format":"standard","meta":{"footnotes":""},"categories":[2],"tags":[172],"class_list":["post-36968","post","type-post","status-publish","format-standard","has-post-thumbnail","hentry","category-policial","tag-featured"],"amp_enabled":true,"_links":{"self":[{"href":"https:\/\/radiostudiow.com.br\/site\/wp-json\/wp\/v2\/posts\/36968","targetHints":{"allow":["GET"]}}],"collection":[{"href":"https:\/\/radiostudiow.com.br\/site\/wp-json\/wp\/v2\/posts"}],"about":[{"href":"https:\/\/radiostudiow.com.br\/site\/wp-json\/wp\/v2\/types\/post"}],"author":[{"embeddable":true,"href":"https:\/\/radiostudiow.com.br\/site\/wp-json\/wp\/v2\/users\/2"}],"replies":[{"embeddable":true,"href":"https:\/\/radiostudiow.com.br\/site\/wp-json\/wp\/v2\/comments?post=36968"}],"version-history":[{"count":1,"href":"https:\/\/radiostudiow.com.br\/site\/wp-json\/wp\/v2\/posts\/36968\/revisions"}],"predecessor-version":[{"id":36969,"href":"https:\/\/radiostudiow.com.br\/site\/wp-json\/wp\/v2\/posts\/36968\/revisions\/36969"}],"wp:featuredmedia":[{"embeddable":true,"href":"https:\/\/radiostudiow.com.br\/site\/wp-json\/wp\/v2\/media\/19871"}],"wp:attachment":[{"href":"https:\/\/radiostudiow.com.br\/site\/wp-json\/wp\/v2\/media?parent=36968"}],"wp:term":[{"taxonomy":"category","embeddable":true,"href":"https:\/\/radiostudiow.com.br\/site\/wp-json\/wp\/v2\/categories?post=36968"},{"taxonomy":"post_tag","embeddable":true,"href":"https:\/\/radiostudiow.com.br\/site\/wp-json\/wp\/v2\/tags?post=36968"}],"curies":[{"name":"wp","href":"https:\/\/api.w.org\/{rel}","templated":true}]}}