{"id":36971,"date":"2025-04-15T18:52:07","date_gmt":"2025-04-15T21:52:07","guid":{"rendered":"https:\/\/radiostudiow.com.br\/site\/?p=36971"},"modified":"2025-04-15T18:52:07","modified_gmt":"2025-04-15T21:52:07","slug":"caminhao-tomba-na-br-153-em-general-carneiro-e-carga-e-saqueada","status":"publish","type":"post","link":"https:\/\/radiostudiow.com.br\/site\/2025\/04\/15\/caminhao-tomba-na-br-153-em-general-carneiro-e-carga-e-saqueada\/","title":{"rendered":"Caminh\u00e3o tomba na BR-153 em General Carneiro e carga \u00e9 saqueada"},"content":{"rendered":"\n<p>Um acidente foi registrado por volta das 10h30min dessa ter\u00e7a-feira, 15 de abril, na rodovia BR-153 em General Carneiro. A corpora\u00e7\u00e3o, no entanto, s\u00f3 foi acionada cerca de duas horas e meia depois, por volta das 13 horas.<\/p>\n\n\n\n<figure class=\"wp-block-image size-full\"><img loading=\"lazy\" decoding=\"async\" width=\"897\" height=\"204\" src=\"https:\/\/radiostudiow.com.br\/site\/wp-content\/uploads\/2025\/03\/SITE-GRANDE5.png\" alt=\"\" class=\"wp-image-35420\" srcset=\"https:\/\/radiostudiow.com.br\/site\/wp-content\/uploads\/2025\/03\/SITE-GRANDE5.png 897w, https:\/\/radiostudiow.com.br\/site\/wp-content\/uploads\/2025\/03\/SITE-GRANDE5-300x68.png 300w, https:\/\/radiostudiow.com.br\/site\/wp-content\/uploads\/2025\/03\/SITE-GRANDE5-768x175.png 768w\" sizes=\"auto, (max-width: 897px) 100vw, 897px\" \/><\/figure>\n\n\n\n<p>Segundo as informa\u00e7\u00f5es do Canal 4, o acidente ocorreu no quil\u00f4metro 507 da rodovia e envolveu um caminh\u00e3o VW\/24.280 branco, com placas de Iju\u00ed (RS). O motorista teria perdido o controle da dire\u00e7\u00e3o, sa\u00eddo da pista e tombado em uma \u00e1rea de mata \u00e0s margens da estrada.<\/p>\n\n\n\n<p>Apesar do susto, o condutor \u2014 cuja identidade n\u00e3o foi divulgada \u2014 n\u00e3o sofreu ferimentos. Ap\u00f3s o tombamento, a carga do ve\u00edculo, identificada como um tipo de farinha, foi saqueada por pessoas que passaram pelo local.<\/p>\n","protected":false},"excerpt":{"rendered":"<p>Um acidente foi registrado por volta das 10h30min dessa ter\u00e7a-feira, 15 de abril, na rodovia BR-153 em General Carneiro. A corpora\u00e7\u00e3o, no entanto, s\u00f3 foi acionada cerca de duas horas e meia depois, por volta das 13 horas. Segundo as informa\u00e7\u00f5es do Canal 4, o acidente ocorreu no quil\u00f4metro 507 da rodovia e envolveu um [&hellip;]<\/p>\n","protected":false},"author":2,"featured_media":36972,"comment_status":"open","ping_status":"open","sticky":false,"template":"","format":"standard","meta":{"footnotes":""},"categories":[2],"tags":[172],"class_list":["post-36971","post","type-post","status-publish","format-standard","has-post-thumbnail","hentry","category-policial","tag-featured"],"amp_enabled":true,"_links":{"self":[{"href":"https:\/\/radiostudiow.com.br\/site\/wp-json\/wp\/v2\/posts\/36971","targetHints":{"allow":["GET"]}}],"collection":[{"href":"https:\/\/radiostudiow.com.br\/site\/wp-json\/wp\/v2\/posts"}],"about":[{"href":"https:\/\/radiostudiow.com.br\/site\/wp-json\/wp\/v2\/types\/post"}],"author":[{"embeddable":true,"href":"https:\/\/radiostudiow.com.br\/site\/wp-json\/wp\/v2\/users\/2"}],"replies":[{"embeddable":true,"href":"https:\/\/radiostudiow.com.br\/site\/wp-json\/wp\/v2\/comments?post=36971"}],"version-history":[{"count":1,"href":"https:\/\/radiostudiow.com.br\/site\/wp-json\/wp\/v2\/posts\/36971\/revisions"}],"predecessor-version":[{"id":36973,"href":"https:\/\/radiostudiow.com.br\/site\/wp-json\/wp\/v2\/posts\/36971\/revisions\/36973"}],"wp:featuredmedia":[{"embeddable":true,"href":"https:\/\/radiostudiow.com.br\/site\/wp-json\/wp\/v2\/media\/36972"}],"wp:attachment":[{"href":"https:\/\/radiostudiow.com.br\/site\/wp-json\/wp\/v2\/media?parent=36971"}],"wp:term":[{"taxonomy":"category","embeddable":true,"href":"https:\/\/radiostudiow.com.br\/site\/wp-json\/wp\/v2\/categories?post=36971"},{"taxonomy":"post_tag","embeddable":true,"href":"https:\/\/radiostudiow.com.br\/site\/wp-json\/wp\/v2\/tags?post=36971"}],"curies":[{"name":"wp","href":"https:\/\/api.w.org\/{rel}","templated":true}]}}