{"id":36974,"date":"2025-04-15T18:54:54","date_gmt":"2025-04-15T21:54:54","guid":{"rendered":"https:\/\/radiostudiow.com.br\/site\/?p=36974"},"modified":"2025-04-15T18:54:55","modified_gmt":"2025-04-15T21:54:55","slug":"adolescente-de-cruz-machado-e-detida-por-ligacao-com-organizacao-criminosa","status":"publish","type":"post","link":"https:\/\/radiostudiow.com.br\/site\/2025\/04\/15\/adolescente-de-cruz-machado-e-detida-por-ligacao-com-organizacao-criminosa\/","title":{"rendered":"Adolescente de Cruz Machado \u00e9 detida por liga\u00e7\u00e3o com organiza\u00e7\u00e3o criminosa"},"content":{"rendered":"\n<p>A pol\u00edcia do Rio de Janeiro coordenou nesta ter\u00e7a-feira, 15, uma opera\u00e7\u00e3o contra organiza\u00e7\u00e3o criminosa que usava a internet para induzir crian\u00e7as e adolescentes a propagar crimes de \u00f3dio, fazer apologia ao nazismo, divulgar pornografia infantil e maltratar animais.<\/p>\n\n\n\n<p>A a\u00e7\u00e3o tamb\u00e9m ocorre em S\u00e3o Paulo, Santa Catarina,\u00a0Paran\u00e1,\u00a0Mato Grosso do Sul, Minas Gerais, Goi\u00e1s e Rio Grande do Sul.<\/p>\n\n\n\n<figure class=\"wp-block-image size-full\"><img loading=\"lazy\" decoding=\"async\" width=\"900\" height=\"408\" src=\"https:\/\/radiostudiow.com.br\/site\/wp-content\/uploads\/2025\/03\/SITE-E-TV-1.png\" alt=\"\" class=\"wp-image-35744\" srcset=\"https:\/\/radiostudiow.com.br\/site\/wp-content\/uploads\/2025\/03\/SITE-E-TV-1.png 900w, https:\/\/radiostudiow.com.br\/site\/wp-content\/uploads\/2025\/03\/SITE-E-TV-1-300x136.png 300w, https:\/\/radiostudiow.com.br\/site\/wp-content\/uploads\/2025\/03\/SITE-E-TV-1-768x348.png 768w\" sizes=\"auto, (max-width: 900px) 100vw, 900px\" \/><\/figure>\n\n\n\n<p>O grupo tamb\u00e9m induzia as v\u00edtimas ao suic\u00eddio e automutila\u00e7\u00e3o, e \u00e9 suspeito de tentativa de homic\u00eddio.\u00a0A organiza\u00e7\u00e3o \u00e9 considerada uma das maiores do pa\u00eds voltadas \u00e0 pr\u00e1tica de crimes cibern\u00e9ticos contra crian\u00e7as e adolescentes.<\/p>\n\n\n\n<p>A atua\u00e7\u00e3o da quadrilha \u00e9 t\u00e3o significativa no cen\u00e1rio virtual que mereceu a aten\u00e7\u00e3o de ag\u00eancias independentes dos EUA, a HSI e NCMEC, que emitiram relat\u00f3rios sobre os fatos, contribuindo com o trabalho dos Policiais Civis envolvidos no caso.<\/p>\n\n\n\n<p>\u00c9 uma modalidade de crime relativamente nova, com potencial muito grande para fazer estragos nos lares, inclusive com alta taxa de letalidade. Como est\u00edmulo, eram oferecidas recompensas internas para aqueles que se destacassem nas atividades criminosas.<\/p>\n\n\n\n<figure class=\"wp-block-image size-full\"><img loading=\"lazy\" decoding=\"async\" width=\"897\" height=\"204\" src=\"https:\/\/radiostudiow.com.br\/site\/wp-content\/uploads\/2025\/03\/image-62.png\" alt=\"\" class=\"wp-image-35859\" srcset=\"https:\/\/radiostudiow.com.br\/site\/wp-content\/uploads\/2025\/03\/image-62.png 897w, https:\/\/radiostudiow.com.br\/site\/wp-content\/uploads\/2025\/03\/image-62-300x68.png 300w, https:\/\/radiostudiow.com.br\/site\/wp-content\/uploads\/2025\/03\/image-62-768x175.png 768w\" sizes=\"auto, (max-width: 897px) 100vw, 897px\" \/><\/figure>\n\n\n\n<p>As investiga\u00e7\u00f5es iniciaram em 18 de fevereiro de 2025, quando um homem em situa\u00e7\u00e3o de rua foi atacado por um adolescente.\u00a0A v\u00edtima estava dormindo e teve 70% do seu corpo queimado.\u00a0O agressor atirou dois coquet\u00e9is molotov enquanto um outro rapaz filmava e transmitia o crime pelas redes sociais.<\/p>\n\n\n\n<p>A Opera\u00e7\u00e3o \u2018Adolesc\u00eancia Segura\u2019 mobilizou policiais civis de v\u00e1rios estados, inclusive da Policia Civil do Paran\u00e1, que atrav\u00e9s da 4\u00aa SDP de Uni\u00e3o da Vit\u00f3ria, cumpriu um mandado de busca e apreens\u00e3o e internamento de uma adolescente no interior do munic\u00edpio de Cruz Machado.<\/p>\n\n\n\n<p>As investiga\u00e7\u00f5es seguem para identificar os demais integrantes da organiza\u00e7\u00e3o criminosa que atuam em nossa regi\u00e3o.<\/p>\n","protected":false},"excerpt":{"rendered":"<p>A pol\u00edcia do Rio de Janeiro coordenou nesta ter\u00e7a-feira, 15, uma opera\u00e7\u00e3o contra organiza\u00e7\u00e3o criminosa que usava a internet para induzir crian\u00e7as e adolescentes a propagar crimes de \u00f3dio, fazer apologia ao nazismo, divulgar pornografia infantil e maltratar animais. A a\u00e7\u00e3o tamb\u00e9m ocorre em S\u00e3o Paulo, Santa Catarina,\u00a0Paran\u00e1,\u00a0Mato Grosso do Sul, Minas Gerais, Goi\u00e1s e [&hellip;]<\/p>\n","protected":false},"author":2,"featured_media":10522,"comment_status":"open","ping_status":"open","sticky":false,"template":"","format":"standard","meta":{"footnotes":""},"categories":[2],"tags":[172],"class_list":["post-36974","post","type-post","status-publish","format-standard","has-post-thumbnail","hentry","category-policial","tag-featured"],"amp_enabled":true,"_links":{"self":[{"href":"https:\/\/radiostudiow.com.br\/site\/wp-json\/wp\/v2\/posts\/36974","targetHints":{"allow":["GET"]}}],"collection":[{"href":"https:\/\/radiostudiow.com.br\/site\/wp-json\/wp\/v2\/posts"}],"about":[{"href":"https:\/\/radiostudiow.com.br\/site\/wp-json\/wp\/v2\/types\/post"}],"author":[{"embeddable":true,"href":"https:\/\/radiostudiow.com.br\/site\/wp-json\/wp\/v2\/users\/2"}],"replies":[{"embeddable":true,"href":"https:\/\/radiostudiow.com.br\/site\/wp-json\/wp\/v2\/comments?post=36974"}],"version-history":[{"count":1,"href":"https:\/\/radiostudiow.com.br\/site\/wp-json\/wp\/v2\/posts\/36974\/revisions"}],"predecessor-version":[{"id":36975,"href":"https:\/\/radiostudiow.com.br\/site\/wp-json\/wp\/v2\/posts\/36974\/revisions\/36975"}],"wp:featuredmedia":[{"embeddable":true,"href":"https:\/\/radiostudiow.com.br\/site\/wp-json\/wp\/v2\/media\/10522"}],"wp:attachment":[{"href":"https:\/\/radiostudiow.com.br\/site\/wp-json\/wp\/v2\/media?parent=36974"}],"wp:term":[{"taxonomy":"category","embeddable":true,"href":"https:\/\/radiostudiow.com.br\/site\/wp-json\/wp\/v2\/categories?post=36974"},{"taxonomy":"post_tag","embeddable":true,"href":"https:\/\/radiostudiow.com.br\/site\/wp-json\/wp\/v2\/tags?post=36974"}],"curies":[{"name":"wp","href":"https:\/\/api.w.org\/{rel}","templated":true}]}}