{"id":36983,"date":"2025-04-16T10:13:45","date_gmt":"2025-04-16T13:13:45","guid":{"rendered":"https:\/\/radiostudiow.com.br\/site\/?p=36983"},"modified":"2025-04-16T10:13:45","modified_gmt":"2025-04-16T13:13:45","slug":"prefeito-de-rio-azul-leandro-jasinski-defende-fumicultores-em-audiencia-publica-na-assembleia-legislativa-do-parana","status":"publish","type":"post","link":"https:\/\/radiostudiow.com.br\/site\/2025\/04\/16\/prefeito-de-rio-azul-leandro-jasinski-defende-fumicultores-em-audiencia-publica-na-assembleia-legislativa-do-parana\/","title":{"rendered":"Prefeito de Rio Azul Leandro Jasinski, defende fumicultores em audi\u00eancia p\u00fablica na Assembleia Legislativa do Paran\u00e1"},"content":{"rendered":"\n<p><\/p>\n\n\n\n<figure class=\"wp-block-image size-full\"><img loading=\"lazy\" decoding=\"async\" width=\"897\" height=\"204\" src=\"https:\/\/radiostudiow.com.br\/site\/wp-content\/uploads\/2025\/03\/image-62.png\" alt=\"\" class=\"wp-image-35859\" srcset=\"https:\/\/radiostudiow.com.br\/site\/wp-content\/uploads\/2025\/03\/image-62.png 897w, https:\/\/radiostudiow.com.br\/site\/wp-content\/uploads\/2025\/03\/image-62-300x68.png 300w, https:\/\/radiostudiow.com.br\/site\/wp-content\/uploads\/2025\/03\/image-62-768x175.png 768w\" sizes=\"auto, (max-width: 897px) 100vw, 897px\" \/><\/figure>\n\n\n\n<p><\/p>\n\n\n\n<h2 class=\"wp-block-heading\"> \u201cEsse aqui \u00e9 o nosso ouro. Representa o sustento de centenas de fam\u00edlias, movimenta o com\u00e9rcio e transforma os munic\u00edpios. Em Rio Azul, existe uma cidade antes da fumicultura e outra totalmente transformada depois dela\u201d<\/h2>\n\n\n\n<p><\/p>\n\n\n\n<p><\/p>\n\n\n\n<p>O prefeito de Rio Azul e presidente da AMCESPAR, Leandro Jasinski, teve papel de destaque na <strong>audi\u00eancia p\u00fablica realizada nesta ter\u00e7a-feira (15), na Assembleia Legislativa do Paran\u00e1<\/strong>, que reuniu mais de 700 pessoas para discutir o Projeto de Lei 119\/2023 \u2014 conhecido como o <strong>\u201cProjeto da Compra do Fumo no Paiol\u201d.<\/strong><\/p>\n\n\n\n<h2 class=\"wp-block-heading\">Durante sua fala, Jasinski enfatizou a import\u00e2ncia do envolvimento direto dos munic\u00edpios produtores na constru\u00e7\u00e3o do projeto, que busca mais justi\u00e7a e transpar\u00eancia na classifica\u00e7\u00e3o do tabaco diretamente nas propriedades rurais. \u201cEstamos falando de um tema que mexe diretamente com a vida dos nossos agricultores e com a economia dos nossos munic\u00edpios\u201d, declarou Jasinski<\/h2>\n\n\n\n<p><\/p>\n\n\n\n<p>Ele agradeceu o apoio dos deputados estaduais, em especial Hussein Bakri, Lider do Governo Ratinho Jr., que solicitou o amplo debate na regi\u00e3o Centro-Sul, e destacou a uni\u00e3o de lideran\u00e7as municipais e entidades do setor fumageiro.<\/p>\n\n\n\n<h2 class=\"wp-block-heading\">O prefeito tamb\u00e9m emocionou o p\u00fablico ao apresentar uma \u201cboneca de B1\u201d \u2014 s\u00edmbolo da melhor classifica\u00e7\u00e3o do tabaco \u2014 como representa\u00e7\u00e3o do valor econ\u00f4mico e social da fumicultura para milhares de fam\u00edlias. \u201cEsse aqui \u00e9 o nosso ouro. Representa o sustento de centenas de fam\u00edlias, movimenta o com\u00e9rcio e transforma os munic\u00edpios. Em Rio Azul, existe uma cidade antes da fumicultura e outra totalmente transformada depois dela\u201d, comentou o prefeito de Rio Azul e Presidente da AMCESPAR.<\/h2>\n\n\n\n<p><\/p>\n\n\n\n<figure class=\"wp-block-image size-full\"><img loading=\"lazy\" decoding=\"async\" width=\"253\" height=\"337\" src=\"https:\/\/radiostudiow.com.br\/site\/wp-content\/uploads\/2025\/04\/JASINSKI-2.jpg\" alt=\"\" class=\"wp-image-36984\" srcset=\"https:\/\/radiostudiow.com.br\/site\/wp-content\/uploads\/2025\/04\/JASINSKI-2.jpg 253w, https:\/\/radiostudiow.com.br\/site\/wp-content\/uploads\/2025\/04\/JASINSKI-2-225x300.jpg 225w\" sizes=\"auto, (max-width: 253px) 100vw, 253px\" \/><\/figure>\n\n\n\n<p><\/p>\n\n\n\n<figure class=\"wp-block-image size-full\"><img loading=\"lazy\" decoding=\"async\" width=\"897\" height=\"204\" src=\"https:\/\/radiostudiow.com.br\/site\/wp-content\/uploads\/2025\/03\/SITE-GRANDE5.png\" alt=\"\" class=\"wp-image-35420\" srcset=\"https:\/\/radiostudiow.com.br\/site\/wp-content\/uploads\/2025\/03\/SITE-GRANDE5.png 897w, https:\/\/radiostudiow.com.br\/site\/wp-content\/uploads\/2025\/03\/SITE-GRANDE5-300x68.png 300w, https:\/\/radiostudiow.com.br\/site\/wp-content\/uploads\/2025\/03\/SITE-GRANDE5-768x175.png 768w\" sizes=\"auto, (max-width: 897px) 100vw, 897px\" \/><\/figure>\n\n\n\n<p><\/p>\n\n\n\n<p>Jasinski concluiu sua participa\u00e7\u00e3o refor\u00e7ando a import\u00e2ncia de defender o setor com orgulho: <strong>\u201cO fumicultor \u00e9 importante para sua cidade, para o Paran\u00e1 e para o Brasil. Viva a fumicultura no Paran\u00e1!<\/strong>\u201d<\/p>\n\n\n\n<p>A audi\u00eancia refor\u00e7ou o compromisso das lideran\u00e7as com os produtores rurais e marcou mais um passo em dire\u00e7\u00e3o a um marco legal que valorize a agricultura familiar.<\/p>\n\n\n\n<p><strong>Fonte das Informa\u00e7\u00f5es: <\/strong><em><strong>Clayton Burgath \u2013 jornalista<\/strong><\/em><\/p>\n\n\n\n<figure class=\"wp-block-image size-full\"><img loading=\"lazy\" decoding=\"async\" width=\"897\" height=\"204\" src=\"https:\/\/radiostudiow.com.br\/site\/wp-content\/uploads\/2025\/01\/SITE-GRANDE3.png\" alt=\"\" class=\"wp-image-32900\" srcset=\"https:\/\/radiostudiow.com.br\/site\/wp-content\/uploads\/2025\/01\/SITE-GRANDE3.png 897w, https:\/\/radiostudiow.com.br\/site\/wp-content\/uploads\/2025\/01\/SITE-GRANDE3-300x68.png 300w, https:\/\/radiostudiow.com.br\/site\/wp-content\/uploads\/2025\/01\/SITE-GRANDE3-768x175.png 768w\" sizes=\"auto, (max-width: 897px) 100vw, 897px\" \/><\/figure>\n","protected":false},"excerpt":{"rendered":"<p>\u201cEsse aqui \u00e9 o nosso ouro. Representa o sustento de centenas de fam\u00edlias, movimenta o com\u00e9rcio e transforma os munic\u00edpios. Em Rio Azul, existe uma cidade antes da fumicultura e outra totalmente transformada depois dela\u201d O prefeito de Rio Azul e presidente da AMCESPAR, Leandro Jasinski, teve papel de destaque na audi\u00eancia p\u00fablica realizada nesta [&hellip;]<\/p>\n","protected":false},"author":2,"featured_media":36985,"comment_status":"open","ping_status":"open","sticky":false,"template":"","format":"standard","meta":{"footnotes":""},"categories":[185],"tags":[172],"class_list":["post-36983","post","type-post","status-publish","format-standard","has-post-thumbnail","hentry","category-regional","tag-featured"],"amp_enabled":true,"_links":{"self":[{"href":"https:\/\/radiostudiow.com.br\/site\/wp-json\/wp\/v2\/posts\/36983","targetHints":{"allow":["GET"]}}],"collection":[{"href":"https:\/\/radiostudiow.com.br\/site\/wp-json\/wp\/v2\/posts"}],"about":[{"href":"https:\/\/radiostudiow.com.br\/site\/wp-json\/wp\/v2\/types\/post"}],"author":[{"embeddable":true,"href":"https:\/\/radiostudiow.com.br\/site\/wp-json\/wp\/v2\/users\/2"}],"replies":[{"embeddable":true,"href":"https:\/\/radiostudiow.com.br\/site\/wp-json\/wp\/v2\/comments?post=36983"}],"version-history":[{"count":1,"href":"https:\/\/radiostudiow.com.br\/site\/wp-json\/wp\/v2\/posts\/36983\/revisions"}],"predecessor-version":[{"id":36986,"href":"https:\/\/radiostudiow.com.br\/site\/wp-json\/wp\/v2\/posts\/36983\/revisions\/36986"}],"wp:featuredmedia":[{"embeddable":true,"href":"https:\/\/radiostudiow.com.br\/site\/wp-json\/wp\/v2\/media\/36985"}],"wp:attachment":[{"href":"https:\/\/radiostudiow.com.br\/site\/wp-json\/wp\/v2\/media?parent=36983"}],"wp:term":[{"taxonomy":"category","embeddable":true,"href":"https:\/\/radiostudiow.com.br\/site\/wp-json\/wp\/v2\/categories?post=36983"},{"taxonomy":"post_tag","embeddable":true,"href":"https:\/\/radiostudiow.com.br\/site\/wp-json\/wp\/v2\/tags?post=36983"}],"curies":[{"name":"wp","href":"https:\/\/api.w.org\/{rel}","templated":true}]}}