{"id":37001,"date":"2025-04-16T21:14:14","date_gmt":"2025-04-17T00:14:14","guid":{"rendered":"https:\/\/radiostudiow.com.br\/site\/?p=37001"},"modified":"2025-04-16T21:14:15","modified_gmt":"2025-04-17T00:14:15","slug":"acidente-entre-caminhao-e-moto-deixa-uma-pessoa-ferida-em-reboucas","status":"publish","type":"post","link":"https:\/\/radiostudiow.com.br\/site\/2025\/04\/16\/acidente-entre-caminhao-e-moto-deixa-uma-pessoa-ferida-em-reboucas\/","title":{"rendered":"Acidente entre caminh\u00e3o e moto deixa uma pessoa ferida em Rebou\u00e7as"},"content":{"rendered":"\n<p>Na noite desta ter\u00e7a-feira, 15 de abril, um acidente envolvendo um caminh\u00e3o e uma moto ocorreu na Avenida Governador Manoel Ribas, pr\u00f3ximo \u00e0 Igreja de Todos os Santos, no bairro Alto da Gloria em Rebou\u00e7as. Segundo informa\u00e7\u00f5es, a moto seguia em dire\u00e7\u00e3o ao centro da cidade quando colidiu frontalmente com o caminh\u00e3o.<\/p>\n\n\n\n<figure class=\"wp-block-image size-full\"><img loading=\"lazy\" decoding=\"async\" width=\"897\" height=\"204\" src=\"https:\/\/radiostudiow.com.br\/site\/wp-content\/uploads\/2025\/03\/image-62.png\" alt=\"\" class=\"wp-image-35859\" srcset=\"https:\/\/radiostudiow.com.br\/site\/wp-content\/uploads\/2025\/03\/image-62.png 897w, https:\/\/radiostudiow.com.br\/site\/wp-content\/uploads\/2025\/03\/image-62-300x68.png 300w, https:\/\/radiostudiow.com.br\/site\/wp-content\/uploads\/2025\/03\/image-62-768x175.png 768w\" sizes=\"auto, (max-width: 897px) 100vw, 897px\" \/><\/figure>\n\n\n\n<p>Segundo informa\u00e7\u00f5es colhidas no local, o caminh\u00e3o teria desviado de um ve\u00edculo estacionado, o que pode ter contribu\u00eddo para a colis\u00e3o. O condutor da moto sofreu ferimentos graves e foi encaminhado pela Brigada Comunit\u00e1ria para o Hospital Darcy Vargas.<\/p>\n\n\n\n<p>A Pol\u00edcia Militar foi acionada e um boletim ser\u00e1 lavrado. Participaram da ocorr\u00eancia os agentes da Defesa Civil, Emerson e Bianco. As causas do acidente est\u00e3o sendo investigadas pelas autoridades competentes. A colis\u00e3o \u00e9 mais um lembrete da import\u00e2ncia da prud\u00eancia e do respeito \u00e0s regras de tr\u00e2nsito para evitar acidentes. Com informa\u00e7\u00f5es e fotos da Defesa Civil.<\/p>\n","protected":false},"excerpt":{"rendered":"<p>Na noite desta ter\u00e7a-feira, 15 de abril, um acidente envolvendo um caminh\u00e3o e uma moto ocorreu na Avenida Governador Manoel Ribas, pr\u00f3ximo \u00e0 Igreja de Todos os Santos, no bairro Alto da Gloria em Rebou\u00e7as. Segundo informa\u00e7\u00f5es, a moto seguia em dire\u00e7\u00e3o ao centro da cidade quando colidiu frontalmente com o caminh\u00e3o. Segundo informa\u00e7\u00f5es colhidas [&hellip;]<\/p>\n","protected":false},"author":2,"featured_media":37002,"comment_status":"open","ping_status":"open","sticky":false,"template":"","format":"standard","meta":{"footnotes":""},"categories":[185],"tags":[172],"class_list":["post-37001","post","type-post","status-publish","format-standard","has-post-thumbnail","hentry","category-regional","tag-featured"],"amp_enabled":true,"_links":{"self":[{"href":"https:\/\/radiostudiow.com.br\/site\/wp-json\/wp\/v2\/posts\/37001","targetHints":{"allow":["GET"]}}],"collection":[{"href":"https:\/\/radiostudiow.com.br\/site\/wp-json\/wp\/v2\/posts"}],"about":[{"href":"https:\/\/radiostudiow.com.br\/site\/wp-json\/wp\/v2\/types\/post"}],"author":[{"embeddable":true,"href":"https:\/\/radiostudiow.com.br\/site\/wp-json\/wp\/v2\/users\/2"}],"replies":[{"embeddable":true,"href":"https:\/\/radiostudiow.com.br\/site\/wp-json\/wp\/v2\/comments?post=37001"}],"version-history":[{"count":1,"href":"https:\/\/radiostudiow.com.br\/site\/wp-json\/wp\/v2\/posts\/37001\/revisions"}],"predecessor-version":[{"id":37003,"href":"https:\/\/radiostudiow.com.br\/site\/wp-json\/wp\/v2\/posts\/37001\/revisions\/37003"}],"wp:featuredmedia":[{"embeddable":true,"href":"https:\/\/radiostudiow.com.br\/site\/wp-json\/wp\/v2\/media\/37002"}],"wp:attachment":[{"href":"https:\/\/radiostudiow.com.br\/site\/wp-json\/wp\/v2\/media?parent=37001"}],"wp:term":[{"taxonomy":"category","embeddable":true,"href":"https:\/\/radiostudiow.com.br\/site\/wp-json\/wp\/v2\/categories?post=37001"},{"taxonomy":"post_tag","embeddable":true,"href":"https:\/\/radiostudiow.com.br\/site\/wp-json\/wp\/v2\/tags?post=37001"}],"curies":[{"name":"wp","href":"https:\/\/api.w.org\/{rel}","templated":true}]}}