{"id":37006,"date":"2025-04-16T21:16:30","date_gmt":"2025-04-17T00:16:30","guid":{"rendered":"https:\/\/radiostudiow.com.br\/site\/?p=37006"},"modified":"2025-04-16T21:16:30","modified_gmt":"2025-04-17T00:16:30","slug":"policia-civil-prende-homem-por-ameacar-e-descumprir-medida-protetiva-contra-a-propria-mae-em-irati","status":"publish","type":"post","link":"https:\/\/radiostudiow.com.br\/site\/2025\/04\/16\/policia-civil-prende-homem-por-ameacar-e-descumprir-medida-protetiva-contra-a-propria-mae-em-irati\/","title":{"rendered":"Pol\u00edcia Civil prende homem por amea\u00e7ar e descumprir medida protetiva contra a pr\u00f3pria m\u00e3e em Irati"},"content":{"rendered":"\n<p>A Pol\u00edcia Civil do Paran\u00e1 (PCPR) prendeu, na quarta-feira (16), um homem de 31 anos suspeito de cometer os crimes de&nbsp;dano,&nbsp;amea\u00e7a&nbsp;e&nbsp;descumprimento de medida protetiva&nbsp;contra a pr\u00f3pria m\u00e3e, de 47 anos, no munic\u00edpio de Irati.<\/p>\n\n\n\n<figure class=\"wp-block-image size-full\"><img loading=\"lazy\" decoding=\"async\" width=\"598\" height=\"204\" src=\"https:\/\/radiostudiow.com.br\/site\/wp-content\/uploads\/2025\/01\/SITE-MEDIO.png\" alt=\"\" class=\"wp-image-32810\" srcset=\"https:\/\/radiostudiow.com.br\/site\/wp-content\/uploads\/2025\/01\/SITE-MEDIO.png 598w, https:\/\/radiostudiow.com.br\/site\/wp-content\/uploads\/2025\/01\/SITE-MEDIO-300x102.png 300w\" sizes=\"auto, (max-width: 598px) 100vw, 598px\" \/><\/figure>\n\n\n\n<p>Conforme as investiga\u00e7\u00f5es, os fatos tiveram in\u00edcio ap\u00f3s o indiv\u00edduo ser alvo de uma decis\u00e3o judicial de reintegra\u00e7\u00e3o de posse em mar\u00e7o deste ano. A pris\u00e3o foi decretada de forma preventiva e cumprida ap\u00f3s representa\u00e7\u00e3o da autoridade policial, com aval do Poder Judici\u00e1rio.<\/p>\n\n\n\n<p>O suspeito foi localizado na resid\u00eancia de sua sogra, em Irati, e&nbsp;n\u00e3o ofereceu resist\u00eancia&nbsp;no momento da abordagem. Ap\u00f3s os procedimentos legais, foi encaminhado ao sistema penitenci\u00e1rio, onde permanece \u00e0 disposi\u00e7\u00e3o da Justi\u00e7a.<\/p>\n","protected":false},"excerpt":{"rendered":"<p>A Pol\u00edcia Civil do Paran\u00e1 (PCPR) prendeu, na quarta-feira (16), um homem de 31 anos suspeito de cometer os crimes de&nbsp;dano,&nbsp;amea\u00e7a&nbsp;e&nbsp;descumprimento de medida protetiva&nbsp;contra a pr\u00f3pria m\u00e3e, de 47 anos, no munic\u00edpio de Irati. Conforme as investiga\u00e7\u00f5es, os fatos tiveram in\u00edcio ap\u00f3s o indiv\u00edduo ser alvo de uma decis\u00e3o judicial de reintegra\u00e7\u00e3o de posse em [&hellip;]<\/p>\n","protected":false},"author":2,"featured_media":37007,"comment_status":"open","ping_status":"open","sticky":false,"template":"","format":"standard","meta":{"footnotes":""},"categories":[2],"tags":[172],"class_list":["post-37006","post","type-post","status-publish","format-standard","has-post-thumbnail","hentry","category-policial","tag-featured"],"amp_enabled":true,"_links":{"self":[{"href":"https:\/\/radiostudiow.com.br\/site\/wp-json\/wp\/v2\/posts\/37006","targetHints":{"allow":["GET"]}}],"collection":[{"href":"https:\/\/radiostudiow.com.br\/site\/wp-json\/wp\/v2\/posts"}],"about":[{"href":"https:\/\/radiostudiow.com.br\/site\/wp-json\/wp\/v2\/types\/post"}],"author":[{"embeddable":true,"href":"https:\/\/radiostudiow.com.br\/site\/wp-json\/wp\/v2\/users\/2"}],"replies":[{"embeddable":true,"href":"https:\/\/radiostudiow.com.br\/site\/wp-json\/wp\/v2\/comments?post=37006"}],"version-history":[{"count":1,"href":"https:\/\/radiostudiow.com.br\/site\/wp-json\/wp\/v2\/posts\/37006\/revisions"}],"predecessor-version":[{"id":37008,"href":"https:\/\/radiostudiow.com.br\/site\/wp-json\/wp\/v2\/posts\/37006\/revisions\/37008"}],"wp:featuredmedia":[{"embeddable":true,"href":"https:\/\/radiostudiow.com.br\/site\/wp-json\/wp\/v2\/media\/37007"}],"wp:attachment":[{"href":"https:\/\/radiostudiow.com.br\/site\/wp-json\/wp\/v2\/media?parent=37006"}],"wp:term":[{"taxonomy":"category","embeddable":true,"href":"https:\/\/radiostudiow.com.br\/site\/wp-json\/wp\/v2\/categories?post=37006"},{"taxonomy":"post_tag","embeddable":true,"href":"https:\/\/radiostudiow.com.br\/site\/wp-json\/wp\/v2\/tags?post=37006"}],"curies":[{"name":"wp","href":"https:\/\/api.w.org\/{rel}","templated":true}]}}