{"id":37009,"date":"2025-04-16T21:17:24","date_gmt":"2025-04-17T00:17:24","guid":{"rendered":"https:\/\/radiostudiow.com.br\/site\/?p=37009"},"modified":"2025-04-16T21:17:24","modified_gmt":"2025-04-17T00:17:24","slug":"casal-e-preso-por-perturbacao-do-sossego-em-uniao-da-vitoria","status":"publish","type":"post","link":"https:\/\/radiostudiow.com.br\/site\/2025\/04\/16\/casal-e-preso-por-perturbacao-do-sossego-em-uniao-da-vitoria\/","title":{"rendered":"Casal \u00e9 preso por perturba\u00e7\u00e3o do sossego em Uni\u00e3o da Vit\u00f3ria"},"content":{"rendered":"\n<p>A equipe da Pol\u00edcia Militar de Uni\u00e3o da Vit\u00f3ria foi acionada para dar atendimento a uma ocorr\u00eancia de perturba\u00e7\u00e3o do sossego no bairro Cristo Rei por volta da meia noite da madrugada dessa quarta-feira (16).<\/p>\n\n\n\n<p>A v\u00edtima relatava recorr\u00eancia deste delito por parte de sua vizinha. Informando que j\u00e1 havia tentado conversar com a autora, por\u00e9m, n\u00e3o obteve \u00eaxito em nenhum momento.<\/p>\n\n\n\n<figure class=\"wp-block-image size-full\"><img loading=\"lazy\" decoding=\"async\" width=\"897\" height=\"204\" src=\"https:\/\/radiostudiow.com.br\/site\/wp-content\/uploads\/2025\/01\/SITE-GRANDE.png\" alt=\"\" class=\"wp-image-32809\" srcset=\"https:\/\/radiostudiow.com.br\/site\/wp-content\/uploads\/2025\/01\/SITE-GRANDE.png 897w, https:\/\/radiostudiow.com.br\/site\/wp-content\/uploads\/2025\/01\/SITE-GRANDE-300x68.png 300w, https:\/\/radiostudiow.com.br\/site\/wp-content\/uploads\/2025\/01\/SITE-GRANDE-768x175.png 768w\" sizes=\"auto, (max-width: 897px) 100vw, 897px\" \/><\/figure>\n\n\n\n<p>No local a pol\u00edcia constatou que a autora estava embriagada e havia quebrado um dos vidros da janela da solicitante, sendo que os estilha\u00e7os acabaram por ferir ambas.<\/p>\n\n\n\n<p>Diante dos fatos, como a v\u00edtima desejava representar criminalmente contra a autora e contra um homem que tamb\u00e9m estava envolvido nas infra\u00e7\u00f5es, o aparelho de som foi apreendido e as partes foram conduzidas para a Delegacia para confec\u00e7\u00e3o do termo circunstanciado.<\/p>\n","protected":false},"excerpt":{"rendered":"<p>A equipe da Pol\u00edcia Militar de Uni\u00e3o da Vit\u00f3ria foi acionada para dar atendimento a uma ocorr\u00eancia de perturba\u00e7\u00e3o do sossego no bairro Cristo Rei por volta da meia noite da madrugada dessa quarta-feira (16). A v\u00edtima relatava recorr\u00eancia deste delito por parte de sua vizinha. Informando que j\u00e1 havia tentado conversar com a autora, [&hellip;]<\/p>\n","protected":false},"author":2,"featured_media":24373,"comment_status":"open","ping_status":"open","sticky":false,"template":"","format":"standard","meta":{"footnotes":""},"categories":[2],"tags":[172],"class_list":["post-37009","post","type-post","status-publish","format-standard","has-post-thumbnail","hentry","category-policial","tag-featured"],"amp_enabled":true,"_links":{"self":[{"href":"https:\/\/radiostudiow.com.br\/site\/wp-json\/wp\/v2\/posts\/37009","targetHints":{"allow":["GET"]}}],"collection":[{"href":"https:\/\/radiostudiow.com.br\/site\/wp-json\/wp\/v2\/posts"}],"about":[{"href":"https:\/\/radiostudiow.com.br\/site\/wp-json\/wp\/v2\/types\/post"}],"author":[{"embeddable":true,"href":"https:\/\/radiostudiow.com.br\/site\/wp-json\/wp\/v2\/users\/2"}],"replies":[{"embeddable":true,"href":"https:\/\/radiostudiow.com.br\/site\/wp-json\/wp\/v2\/comments?post=37009"}],"version-history":[{"count":1,"href":"https:\/\/radiostudiow.com.br\/site\/wp-json\/wp\/v2\/posts\/37009\/revisions"}],"predecessor-version":[{"id":37010,"href":"https:\/\/radiostudiow.com.br\/site\/wp-json\/wp\/v2\/posts\/37009\/revisions\/37010"}],"wp:featuredmedia":[{"embeddable":true,"href":"https:\/\/radiostudiow.com.br\/site\/wp-json\/wp\/v2\/media\/24373"}],"wp:attachment":[{"href":"https:\/\/radiostudiow.com.br\/site\/wp-json\/wp\/v2\/media?parent=37009"}],"wp:term":[{"taxonomy":"category","embeddable":true,"href":"https:\/\/radiostudiow.com.br\/site\/wp-json\/wp\/v2\/categories?post=37009"},{"taxonomy":"post_tag","embeddable":true,"href":"https:\/\/radiostudiow.com.br\/site\/wp-json\/wp\/v2\/tags?post=37009"}],"curies":[{"name":"wp","href":"https:\/\/api.w.org\/{rel}","templated":true}]}}