{"id":37012,"date":"2025-04-17T09:49:10","date_gmt":"2025-04-17T12:49:10","guid":{"rendered":"https:\/\/radiostudiow.com.br\/site\/?p=37012"},"modified":"2025-04-17T09:49:11","modified_gmt":"2025-04-17T12:49:11","slug":"condutor-de-motocicleta-envolvido-em-acidente-e-preso-por-divida-de-pensao-alimenticia-em-cruz-machado","status":"publish","type":"post","link":"https:\/\/radiostudiow.com.br\/site\/2025\/04\/17\/condutor-de-motocicleta-envolvido-em-acidente-e-preso-por-divida-de-pensao-alimenticia-em-cruz-machado\/","title":{"rendered":"Condutor de motocicleta envolvido em acidente \u00e9 preso por d\u00edvida de pens\u00e3o aliment\u00edcia em Cruz Machado"},"content":{"rendered":"\n<p><\/p>\n\n\n\n<figure class=\"wp-block-image size-full\"><img loading=\"lazy\" decoding=\"async\" width=\"897\" height=\"204\" src=\"https:\/\/radiostudiow.com.br\/site\/wp-content\/uploads\/2025\/03\/image-62.png\" alt=\"\" class=\"wp-image-35859\" srcset=\"https:\/\/radiostudiow.com.br\/site\/wp-content\/uploads\/2025\/03\/image-62.png 897w, https:\/\/radiostudiow.com.br\/site\/wp-content\/uploads\/2025\/03\/image-62-300x68.png 300w, https:\/\/radiostudiow.com.br\/site\/wp-content\/uploads\/2025\/03\/image-62-768x175.png 768w\" sizes=\"auto, (max-width: 897px) 100vw, 897px\" \/><\/figure>\n\n\n\n<p><\/p>\n\n\n\n<p>Por volta das 21h desta quarta-feira (16), a Pol\u00edcia Militar foi acionada para prestar apoio em um atendimento de acidente de tr\u00e2nsito envolvendo um autom\u00f3vel e uma motocicleta, em Cruz Machado.<\/p>\n\n\n\n<p>Durante a verifica\u00e7\u00e3o dos dados dos condutores envolvidos, os policiais constataram que havia um mandado de pris\u00e3o em aberto contra o motociclista. <\/p>\n\n\n\n<p>O documento, expedido pela 2\u00aa Vara Criminal de Uni\u00e3o da Vit\u00f3ria, era referente ao n\u00e3o pagamento de pens\u00e3o aliment\u00edcia.<\/p>\n\n\n\n<p>A motocicleta, uma Honda de cor preta e sem placas de identifica\u00e7\u00e3o, foi recolhida ao pelot\u00e3o de tr\u00e2nsito por apresentar irregularidades administrativas.<\/p>\n\n\n\n<p>Devido \u00e0 gravidade dos ferimentos, o condutor da moto foi socorrido por uma equipe do SAMU e encaminhado ao Hospital S\u00e3o Camilo, em Uni\u00e3o da Vit\u00f3ria. <\/p>\n\n\n\n<p>Ap\u00f3s receber atendimento m\u00e9dico, ele permaneceu sob cust\u00f3dia policial e, posteriormente, foi entregue \u00e0 equipe do Departamento Penitenci\u00e1rio (DEPEN) da mesma cidade.<\/p>\n\n\n\n<figure class=\"wp-block-image size-full\"><img loading=\"lazy\" decoding=\"async\" width=\"897\" height=\"204\" src=\"https:\/\/radiostudiow.com.br\/site\/wp-content\/uploads\/2024\/01\/SITE-GRANDE3.png\" alt=\"zaions\" class=\"wp-image-18936\" srcset=\"https:\/\/radiostudiow.com.br\/site\/wp-content\/uploads\/2024\/01\/SITE-GRANDE3.png 897w, https:\/\/radiostudiow.com.br\/site\/wp-content\/uploads\/2024\/01\/SITE-GRANDE3-300x68.png 300w, https:\/\/radiostudiow.com.br\/site\/wp-content\/uploads\/2024\/01\/SITE-GRANDE3-768x175.png 768w\" sizes=\"auto, (max-width: 897px) 100vw, 897px\" \/><\/figure>\n\n\n\n<p><\/p>\n\n\n\n<p><\/p>\n\n\n\n<p>Reda\u00e7\u00e3o: 27\u00ba BPM<\/p>\n","protected":false},"excerpt":{"rendered":"<p>Por volta das 21h desta quarta-feira (16), a Pol\u00edcia Militar foi acionada para prestar apoio em um atendimento de acidente de tr\u00e2nsito envolvendo um autom\u00f3vel e uma motocicleta, em Cruz Machado. Durante a verifica\u00e7\u00e3o dos dados dos condutores envolvidos, os policiais constataram que havia um mandado de pris\u00e3o em aberto contra o motociclista. O documento, [&hellip;]<\/p>\n","protected":false},"author":2,"featured_media":37013,"comment_status":"open","ping_status":"open","sticky":false,"template":"","format":"standard","meta":{"footnotes":""},"categories":[2],"tags":[172],"class_list":["post-37012","post","type-post","status-publish","format-standard","has-post-thumbnail","hentry","category-policial","tag-featured"],"amp_enabled":true,"_links":{"self":[{"href":"https:\/\/radiostudiow.com.br\/site\/wp-json\/wp\/v2\/posts\/37012","targetHints":{"allow":["GET"]}}],"collection":[{"href":"https:\/\/radiostudiow.com.br\/site\/wp-json\/wp\/v2\/posts"}],"about":[{"href":"https:\/\/radiostudiow.com.br\/site\/wp-json\/wp\/v2\/types\/post"}],"author":[{"embeddable":true,"href":"https:\/\/radiostudiow.com.br\/site\/wp-json\/wp\/v2\/users\/2"}],"replies":[{"embeddable":true,"href":"https:\/\/radiostudiow.com.br\/site\/wp-json\/wp\/v2\/comments?post=37012"}],"version-history":[{"count":1,"href":"https:\/\/radiostudiow.com.br\/site\/wp-json\/wp\/v2\/posts\/37012\/revisions"}],"predecessor-version":[{"id":37014,"href":"https:\/\/radiostudiow.com.br\/site\/wp-json\/wp\/v2\/posts\/37012\/revisions\/37014"}],"wp:featuredmedia":[{"embeddable":true,"href":"https:\/\/radiostudiow.com.br\/site\/wp-json\/wp\/v2\/media\/37013"}],"wp:attachment":[{"href":"https:\/\/radiostudiow.com.br\/site\/wp-json\/wp\/v2\/media?parent=37012"}],"wp:term":[{"taxonomy":"category","embeddable":true,"href":"https:\/\/radiostudiow.com.br\/site\/wp-json\/wp\/v2\/categories?post=37012"},{"taxonomy":"post_tag","embeddable":true,"href":"https:\/\/radiostudiow.com.br\/site\/wp-json\/wp\/v2\/tags?post=37012"}],"curies":[{"name":"wp","href":"https:\/\/api.w.org\/{rel}","templated":true}]}}