{"id":37015,"date":"2025-04-17T10:47:44","date_gmt":"2025-04-17T13:47:44","guid":{"rendered":"https:\/\/radiostudiow.com.br\/site\/?p=37015"},"modified":"2025-04-17T10:47:44","modified_gmt":"2025-04-17T13:47:44","slug":"caminhao-carregado-com-trigo-tomba-na-br-373-em-prudentopolis-nao-houve-feridos","status":"publish","type":"post","link":"https:\/\/radiostudiow.com.br\/site\/2025\/04\/17\/caminhao-carregado-com-trigo-tomba-na-br-373-em-prudentopolis-nao-houve-feridos\/","title":{"rendered":"Caminh\u00e3o carregado com trigo tomba na BR-373 em Prudent\u00f3polis; n\u00e3o houve feridos"},"content":{"rendered":"\n<p><\/p>\n\n\n\n<figure class=\"wp-block-image size-full\"><img loading=\"lazy\" decoding=\"async\" width=\"897\" height=\"204\" src=\"https:\/\/radiostudiow.com.br\/site\/wp-content\/uploads\/2025\/03\/BARAO-NOVO-NOTICIAS-1.jpg\" alt=\"\" class=\"wp-image-35084\" srcset=\"https:\/\/radiostudiow.com.br\/site\/wp-content\/uploads\/2025\/03\/BARAO-NOVO-NOTICIAS-1.jpg 897w, https:\/\/radiostudiow.com.br\/site\/wp-content\/uploads\/2025\/03\/BARAO-NOVO-NOTICIAS-1-300x68.jpg 300w, https:\/\/radiostudiow.com.br\/site\/wp-content\/uploads\/2025\/03\/BARAO-NOVO-NOTICIAS-1-768x175.jpg 768w\" sizes=\"auto, (max-width: 897px) 100vw, 897px\" \/><\/figure>\n\n\n\n<p><\/p>\n\n\n\n<p>Na noite desta quarta-feira (16), por volta das 19h, um caminh\u00e3o carregado com trigo tombou no km 261 da BR-373, no munic\u00edpio de Prudent\u00f3polis, na regi\u00e3o central do Paran\u00e1. O acidente, do tipo tombamento, n\u00e3o deixou v\u00edtimas.<\/p>\n\n\n\n<p>O ve\u00edculo envolvido \u00e9 um caminh\u00e3o Volvo, de cor branca, com placas da cidade de Castro (PR). Apesar do impacto, o condutor, um homem de 28 anos, saiu ileso. Ele foi submetido ao teste do baf\u00f4metro, que apontou resultado negativo para ingest\u00e3o de \u00e1lcool.<\/p>\n\n\n\n<p>Devido ao acidente, houve interdi\u00e7\u00e3o parcial da rodovia. A Pol\u00edcia Rodovi\u00e1ria Federal (PRF) implementou o sistema PARE e SIGA para garantir a fluidez do tr\u00e1fego enquanto a carga e o caminh\u00e3o eram removidos do local.<\/p>\n\n\n\n<p><\/p>\n\n\n\n<figure class=\"wp-block-image size-large\"><img loading=\"lazy\" decoding=\"async\" width=\"768\" height=\"1024\" src=\"https:\/\/radiostudiow.com.br\/site\/wp-content\/uploads\/2025\/04\/ac24e22c-971f-4480-9e66-78e1f069b683-768x1024.jpg\" alt=\"\" class=\"wp-image-37016\" srcset=\"https:\/\/radiostudiow.com.br\/site\/wp-content\/uploads\/2025\/04\/ac24e22c-971f-4480-9e66-78e1f069b683-768x1024.jpg 768w, https:\/\/radiostudiow.com.br\/site\/wp-content\/uploads\/2025\/04\/ac24e22c-971f-4480-9e66-78e1f069b683-225x300.jpg 225w, https:\/\/radiostudiow.com.br\/site\/wp-content\/uploads\/2025\/04\/ac24e22c-971f-4480-9e66-78e1f069b683-1152x1536.jpg 1152w, https:\/\/radiostudiow.com.br\/site\/wp-content\/uploads\/2025\/04\/ac24e22c-971f-4480-9e66-78e1f069b683.jpg 1200w\" sizes=\"auto, (max-width: 768px) 100vw, 768px\" \/><\/figure>\n\n\n\n<p><\/p>\n\n\n\n<p>A pista foi totalmente liberada por volta das 21h.<\/p>\n\n\n\n<p>INFORMA\u00c7\u00d5ES: PRF\/ REP\u00d3RTER KIKO DE OLIVEIRA<\/p>\n\n\n\n<figure class=\"wp-block-image size-full\"><img loading=\"lazy\" decoding=\"async\" width=\"598\" height=\"204\" src=\"https:\/\/radiostudiow.com.br\/site\/wp-content\/uploads\/2025\/01\/SITE-MEDIO7.png\" alt=\"\" class=\"wp-image-32801\" srcset=\"https:\/\/radiostudiow.com.br\/site\/wp-content\/uploads\/2025\/01\/SITE-MEDIO7.png 598w, https:\/\/radiostudiow.com.br\/site\/wp-content\/uploads\/2025\/01\/SITE-MEDIO7-300x102.png 300w\" sizes=\"auto, (max-width: 598px) 100vw, 598px\" \/><\/figure>\n\n\n\n<p><\/p>\n","protected":false},"excerpt":{"rendered":"<p>Na noite desta quarta-feira (16), por volta das 19h, um caminh\u00e3o carregado com trigo tombou no km 261 da BR-373, no munic\u00edpio de Prudent\u00f3polis, na regi\u00e3o central do Paran\u00e1. O acidente, do tipo tombamento, n\u00e3o deixou v\u00edtimas. O ve\u00edculo envolvido \u00e9 um caminh\u00e3o Volvo, de cor branca, com placas da cidade de Castro (PR). Apesar [&hellip;]<\/p>\n","protected":false},"author":2,"featured_media":37017,"comment_status":"open","ping_status":"open","sticky":false,"template":"","format":"standard","meta":{"footnotes":""},"categories":[185],"tags":[172],"class_list":["post-37015","post","type-post","status-publish","format-standard","has-post-thumbnail","hentry","category-regional","tag-featured"],"amp_enabled":true,"_links":{"self":[{"href":"https:\/\/radiostudiow.com.br\/site\/wp-json\/wp\/v2\/posts\/37015","targetHints":{"allow":["GET"]}}],"collection":[{"href":"https:\/\/radiostudiow.com.br\/site\/wp-json\/wp\/v2\/posts"}],"about":[{"href":"https:\/\/radiostudiow.com.br\/site\/wp-json\/wp\/v2\/types\/post"}],"author":[{"embeddable":true,"href":"https:\/\/radiostudiow.com.br\/site\/wp-json\/wp\/v2\/users\/2"}],"replies":[{"embeddable":true,"href":"https:\/\/radiostudiow.com.br\/site\/wp-json\/wp\/v2\/comments?post=37015"}],"version-history":[{"count":1,"href":"https:\/\/radiostudiow.com.br\/site\/wp-json\/wp\/v2\/posts\/37015\/revisions"}],"predecessor-version":[{"id":37018,"href":"https:\/\/radiostudiow.com.br\/site\/wp-json\/wp\/v2\/posts\/37015\/revisions\/37018"}],"wp:featuredmedia":[{"embeddable":true,"href":"https:\/\/radiostudiow.com.br\/site\/wp-json\/wp\/v2\/media\/37017"}],"wp:attachment":[{"href":"https:\/\/radiostudiow.com.br\/site\/wp-json\/wp\/v2\/media?parent=37015"}],"wp:term":[{"taxonomy":"category","embeddable":true,"href":"https:\/\/radiostudiow.com.br\/site\/wp-json\/wp\/v2\/categories?post=37015"},{"taxonomy":"post_tag","embeddable":true,"href":"https:\/\/radiostudiow.com.br\/site\/wp-json\/wp\/v2\/tags?post=37015"}],"curies":[{"name":"wp","href":"https:\/\/api.w.org\/{rel}","templated":true}]}}