{"id":37029,"date":"2025-04-17T12:09:16","date_gmt":"2025-04-17T15:09:16","guid":{"rendered":"https:\/\/radiostudiow.com.br\/site\/?p=37029"},"modified":"2025-04-17T12:09:16","modified_gmt":"2025-04-17T15:09:16","slug":"homem-e-preso-suspeito-de-drogar-filho-de-1-ano-e-5-meses-com-cocaina-misturada-ao-leite-em-imbituva","status":"publish","type":"post","link":"https:\/\/radiostudiow.com.br\/site\/2025\/04\/17\/homem-e-preso-suspeito-de-drogar-filho-de-1-ano-e-5-meses-com-cocaina-misturada-ao-leite-em-imbituva\/","title":{"rendered":"Homem \u00e9 preso suspeito de drogar filho de 1 ano e 5 meses com coca\u00edna misturada ao leite, em Imbituva"},"content":{"rendered":"\n<p><\/p>\n\n\n\n<p><\/p>\n\n\n\n<figure class=\"wp-block-image size-full\"><img loading=\"lazy\" decoding=\"async\" width=\"598\" height=\"204\" src=\"https:\/\/radiostudiow.com.br\/site\/wp-content\/uploads\/2024\/10\/labirati.png\" alt=\"\" class=\"wp-image-28854\" srcset=\"https:\/\/radiostudiow.com.br\/site\/wp-content\/uploads\/2024\/10\/labirati.png 598w, https:\/\/radiostudiow.com.br\/site\/wp-content\/uploads\/2024\/10\/labirati-300x102.png 300w\" sizes=\"auto, (max-width: 598px) 100vw, 598px\" \/><\/figure>\n\n\n\n<p><\/p>\n\n\n\n<p>Um caso de extrema gravidade mobilizou a Pol\u00edcia Militar e profissionais de sa\u00fade em Imbituva, na tarde desta quarta-feira (16). <\/p>\n\n\n\n<p>Um homem foi preso ap\u00f3s ser acusado de misturar coca\u00edna ao leite dado ao pr\u00f3prio filho, uma crian\u00e7a de apenas 1 ano e 5 meses.<\/p>\n\n\n\n<p>Segundo informa\u00e7\u00f5es da 8\u00aa Companhia Independente da Pol\u00edcia Militar (8\u00aa CIPM), a equipe policial estava na Delegacia da Pol\u00edcia Civil do munic\u00edpio quando uma mulher chegou ao local solicitando o registro de um boletim de ocorr\u00eancia contra seu ex-companheiro. Ela relatou que, por volta das 15h30, na regi\u00e3o central da cidade, o homem teria administrado a droga \u00e0 crian\u00e7a e tamb\u00e9m a ela, misturando coca\u00edna ao leite.<\/p>\n\n\n\n<p>Imediatamente, a equipe PM deslocou-se com a m\u00e3e e a crian\u00e7a at\u00e9 o hospital da cidade. Durante o trajeto, os policiais constataram que o beb\u00ea encontrava-se desfalecido. <\/p>\n\n\n\n<p>Primeiros socorros foram prestados ainda na viatura e, com sucesso, os policiais conseguiram reanimar a crian\u00e7a, que foi encaminhada \u00e0 unidade hospitalar e permanece sob cuidados m\u00e9dicos.<\/p>\n\n\n\n<p>A m\u00e3e informou ainda que o suspeito estaria na resid\u00eancia, mesmo estando proibido de se aproximar dela por medida protetiva em vigor. Com apoio da equipe ROTAM, os policiais foram at\u00e9 o local, onde realizaram adentramento t\u00e1tico e localizaram o homem no p\u00e1tio da casa.<\/p>\n\n\n\n<p>Conforme o boletim, o suspeito resistiu \u00e0 abordagem, desobedecendo \u00e0s ordens legais, sendo necess\u00e1rio o uso moderado da for\u00e7a e a utiliza\u00e7\u00e3o de algemas.<\/p>\n\n\n\n<p>Durante a a\u00e7\u00e3o, os policiais encontraram um inv\u00f3lucro com coca\u00edna, dois cart\u00f5es com resqu\u00edcios da droga e um canudo possivelmente usado para consumo. <\/p>\n\n\n\n<p>O homem confessou ser usu\u00e1rio e afirmou ter feito uso de entorpecente minutos antes.<\/p>\n\n\n\n<p>Ele foi preso em flagrante pelos crimes de posse de drogas para consumo pessoal, resist\u00eancia, desobedi\u00eancia, descumprimento de medida protetiva e por induzir, instigar ou auxiliar algu\u00e9m ao uso indevido de drogas.<\/p>\n\n\n\n<p><\/p>\n\n\n\n<figure class=\"wp-block-image size-full\"><img loading=\"lazy\" decoding=\"async\" width=\"897\" height=\"204\" src=\"https:\/\/radiostudiow.com.br\/site\/wp-content\/uploads\/2025\/02\/SITE-GRANDE7.png\" alt=\"\" class=\"wp-image-33861\" srcset=\"https:\/\/radiostudiow.com.br\/site\/wp-content\/uploads\/2025\/02\/SITE-GRANDE7.png 897w, https:\/\/radiostudiow.com.br\/site\/wp-content\/uploads\/2025\/02\/SITE-GRANDE7-300x68.png 300w, https:\/\/radiostudiow.com.br\/site\/wp-content\/uploads\/2025\/02\/SITE-GRANDE7-768x175.png 768w\" sizes=\"auto, (max-width: 897px) 100vw, 897px\" \/><\/figure>\n\n\n\n<p><\/p>\n\n\n\n<p>Ap\u00f3s passar por avalia\u00e7\u00e3o m\u00e9dica, o suspeito foi conduzido \u00e0 Delegacia de Pol\u00edcia Civil de Imbituva, onde permanece \u00e0 disposi\u00e7\u00e3o da Justi\u00e7a. <\/p>\n\n\n\n<p>A Pol\u00edcia Civil investiga o caso e a condi\u00e7\u00e3o cl\u00ednica da crian\u00e7a segue sendo monitorada.<\/p>\n\n\n\n<p><\/p>\n\n\n\n<p>FONTE: 8\u00aa CIA DA PM \/ REP\u00d3RTER KIKO DE OLIVEIRA<\/p>\n","protected":false},"excerpt":{"rendered":"<p>Um caso de extrema gravidade mobilizou a Pol\u00edcia Militar e profissionais de sa\u00fade em Imbituva, na tarde desta quarta-feira (16). Um homem foi preso ap\u00f3s ser acusado de misturar coca\u00edna ao leite dado ao pr\u00f3prio filho, uma crian\u00e7a de apenas 1 ano e 5 meses. Segundo informa\u00e7\u00f5es da 8\u00aa Companhia Independente da Pol\u00edcia Militar (8\u00aa [&hellip;]<\/p>\n","protected":false},"author":2,"featured_media":37030,"comment_status":"open","ping_status":"open","sticky":false,"template":"","format":"standard","meta":{"footnotes":""},"categories":[185],"tags":[172],"class_list":["post-37029","post","type-post","status-publish","format-standard","has-post-thumbnail","hentry","category-regional","tag-featured"],"amp_enabled":true,"_links":{"self":[{"href":"https:\/\/radiostudiow.com.br\/site\/wp-json\/wp\/v2\/posts\/37029","targetHints":{"allow":["GET"]}}],"collection":[{"href":"https:\/\/radiostudiow.com.br\/site\/wp-json\/wp\/v2\/posts"}],"about":[{"href":"https:\/\/radiostudiow.com.br\/site\/wp-json\/wp\/v2\/types\/post"}],"author":[{"embeddable":true,"href":"https:\/\/radiostudiow.com.br\/site\/wp-json\/wp\/v2\/users\/2"}],"replies":[{"embeddable":true,"href":"https:\/\/radiostudiow.com.br\/site\/wp-json\/wp\/v2\/comments?post=37029"}],"version-history":[{"count":1,"href":"https:\/\/radiostudiow.com.br\/site\/wp-json\/wp\/v2\/posts\/37029\/revisions"}],"predecessor-version":[{"id":37031,"href":"https:\/\/radiostudiow.com.br\/site\/wp-json\/wp\/v2\/posts\/37029\/revisions\/37031"}],"wp:featuredmedia":[{"embeddable":true,"href":"https:\/\/radiostudiow.com.br\/site\/wp-json\/wp\/v2\/media\/37030"}],"wp:attachment":[{"href":"https:\/\/radiostudiow.com.br\/site\/wp-json\/wp\/v2\/media?parent=37029"}],"wp:term":[{"taxonomy":"category","embeddable":true,"href":"https:\/\/radiostudiow.com.br\/site\/wp-json\/wp\/v2\/categories?post=37029"},{"taxonomy":"post_tag","embeddable":true,"href":"https:\/\/radiostudiow.com.br\/site\/wp-json\/wp\/v2\/tags?post=37029"}],"curies":[{"name":"wp","href":"https:\/\/api.w.org\/{rel}","templated":true}]}}