{"id":37040,"date":"2025-04-17T22:02:27","date_gmt":"2025-04-18T01:02:27","guid":{"rendered":"https:\/\/radiostudiow.com.br\/site\/?p=37040"},"modified":"2025-04-17T22:02:27","modified_gmt":"2025-04-18T01:02:27","slug":"caminhao-colide-com-trem-e-tomba-as-margens-da-pr-364-em-inacio-martins","status":"publish","type":"post","link":"https:\/\/radiostudiow.com.br\/site\/2025\/04\/17\/caminhao-colide-com-trem-e-tomba-as-margens-da-pr-364-em-inacio-martins\/","title":{"rendered":"Caminh\u00e3o colide com trem e tomba \u00e0s margens da PR-364 em In\u00e1cio Martins"},"content":{"rendered":"\n<p><\/p>\n\n\n\n<p>Um abalroamento transversal entre um caminh\u00e3o Mercedes-Benz, com placas de Palmeira (PR), e um trem foi registrado na manh\u00e3 desta quinta-feira (17), por volta das 06h50min, no km 142 da PR-364, no trecho entre Irati e In\u00e1cio Martins.<\/p>\n\n\n\n<figure class=\"wp-block-image size-full\"><img decoding=\"async\" src=\"https:\/\/radiostudiow.com.br\/site\/wp-content\/uploads\/2024\/01\/SITE-GRANDE.png\" alt=\"\" class=\"wp-image-18949\"\/><\/figure>\n\n\n\n<p><\/p>\n\n\n\n<figure class=\"wp-block-image size-large\"><img loading=\"lazy\" decoding=\"async\" width=\"768\" height=\"1024\" src=\"https:\/\/radiostudiow.com.br\/site\/wp-content\/uploads\/2025\/04\/b9f19f63-b2bd-44e1-b977-b5bd719576b8-1-768x1024.jpg\" alt=\"\" class=\"wp-image-37042\" srcset=\"https:\/\/radiostudiow.com.br\/site\/wp-content\/uploads\/2025\/04\/b9f19f63-b2bd-44e1-b977-b5bd719576b8-1-768x1024.jpg 768w, https:\/\/radiostudiow.com.br\/site\/wp-content\/uploads\/2025\/04\/b9f19f63-b2bd-44e1-b977-b5bd719576b8-1-225x300.jpg 225w, https:\/\/radiostudiow.com.br\/site\/wp-content\/uploads\/2025\/04\/b9f19f63-b2bd-44e1-b977-b5bd719576b8-1-1152x1536.jpg 1152w, https:\/\/radiostudiow.com.br\/site\/wp-content\/uploads\/2025\/04\/b9f19f63-b2bd-44e1-b977-b5bd719576b8-1.jpg 1200w\" sizes=\"auto, (max-width: 768px) 100vw, 768px\" \/><\/figure>\n\n\n\n<p><\/p>\n\n\n\n<p>De acordo com as informa\u00e7\u00f5es apuradas no local, o caminh\u00e3o seguia no sentido Irati\u2013In\u00e1cio Martins quando colidiu com o \u00faltimo vag\u00e3o de um trem que atravessava a rodovia. <\/p>\n\n\n\n<p><strong>Com o impacto, os semi-reboques do caminh\u00e3o tombaram \u00e0s margens direitas da via, provocando a interdi\u00e7\u00e3o parcial da pista.<\/strong><\/p>\n\n\n\n<p>Apesar da gravidade do acidente, o condutor do caminh\u00e3o, um homem de 42 anos, n\u00e3o sofreu ferimentos. J\u00e1 o trem, que teve danos materiais, n\u00e3o permaneceu no local ap\u00f3s a colis\u00e3o.<\/p>\n\n\n\n<p>Equipes de atendimento foram acionadas e trabalham na retirada da carga para que posteriormente seja feito o destombamento dos reboques.<\/p>\n\n\n\n<p>A pista segue parcialmente interditada, com opera\u00e7\u00e3o no sistema &#8220;pare e siga&#8221; para garantir a seguran\u00e7a dos motoristas que trafegam pelo trecho.<\/p>\n\n\n\n<p><\/p>\n\n\n\n<figure class=\"wp-block-image size-full\"><img loading=\"lazy\" decoding=\"async\" width=\"897\" height=\"204\" src=\"https:\/\/radiostudiow.com.br\/site\/wp-content\/uploads\/2024\/01\/SITE-GRANDE3.png\" alt=\"zaions\" class=\"wp-image-18936\" srcset=\"https:\/\/radiostudiow.com.br\/site\/wp-content\/uploads\/2024\/01\/SITE-GRANDE3.png 897w, https:\/\/radiostudiow.com.br\/site\/wp-content\/uploads\/2024\/01\/SITE-GRANDE3-300x68.png 300w, https:\/\/radiostudiow.com.br\/site\/wp-content\/uploads\/2024\/01\/SITE-GRANDE3-768x175.png 768w\" sizes=\"auto, (max-width: 897px) 100vw, 897px\" \/><\/figure>\n\n\n\n<p><\/p>\n\n\n\n<p><strong>Tanto o caminh\u00e3o quanto o trem estavam com a documenta\u00e7\u00e3o em situa\u00e7\u00e3o regular no momento do acidente.<\/strong><\/p>\n\n\n\n<p><\/p>\n\n\n\n<h2 class=\"wp-block-heading\">FONTE: REP\u00d3RTER KIKO DE OLIVEIRA<\/h2>\n\n\n\n<figure class=\"wp-block-image size-large\"><img loading=\"lazy\" decoding=\"async\" width=\"1024\" height=\"768\" src=\"https:\/\/radiostudiow.com.br\/site\/wp-content\/uploads\/2025\/04\/7fe5d657-4ed7-4125-acf4-f108395450d3-1024x768.jpg\" alt=\"\" class=\"wp-image-37043\" srcset=\"https:\/\/radiostudiow.com.br\/site\/wp-content\/uploads\/2025\/04\/7fe5d657-4ed7-4125-acf4-f108395450d3-1024x768.jpg 1024w, https:\/\/radiostudiow.com.br\/site\/wp-content\/uploads\/2025\/04\/7fe5d657-4ed7-4125-acf4-f108395450d3-300x225.jpg 300w, https:\/\/radiostudiow.com.br\/site\/wp-content\/uploads\/2025\/04\/7fe5d657-4ed7-4125-acf4-f108395450d3-768x576.jpg 768w, https:\/\/radiostudiow.com.br\/site\/wp-content\/uploads\/2025\/04\/7fe5d657-4ed7-4125-acf4-f108395450d3-1536x1152.jpg 1536w, https:\/\/radiostudiow.com.br\/site\/wp-content\/uploads\/2025\/04\/7fe5d657-4ed7-4125-acf4-f108395450d3.jpg 1600w\" sizes=\"auto, (max-width: 1024px) 100vw, 1024px\" \/><\/figure>\n","protected":false},"excerpt":{"rendered":"<p>Um abalroamento transversal entre um caminh\u00e3o Mercedes-Benz, com placas de Palmeira (PR), e um trem foi registrado na manh\u00e3 desta quinta-feira (17), por volta das 06h50min, no km 142 da PR-364, no trecho entre Irati e In\u00e1cio Martins. De acordo com as informa\u00e7\u00f5es apuradas no local, o caminh\u00e3o seguia no sentido Irati\u2013In\u00e1cio Martins quando colidiu [&hellip;]<\/p>\n","protected":false},"author":2,"featured_media":37044,"comment_status":"open","ping_status":"open","sticky":false,"template":"","format":"standard","meta":{"footnotes":""},"categories":[185],"tags":[172],"class_list":["post-37040","post","type-post","status-publish","format-standard","has-post-thumbnail","hentry","category-regional","tag-featured"],"amp_enabled":true,"_links":{"self":[{"href":"https:\/\/radiostudiow.com.br\/site\/wp-json\/wp\/v2\/posts\/37040","targetHints":{"allow":["GET"]}}],"collection":[{"href":"https:\/\/radiostudiow.com.br\/site\/wp-json\/wp\/v2\/posts"}],"about":[{"href":"https:\/\/radiostudiow.com.br\/site\/wp-json\/wp\/v2\/types\/post"}],"author":[{"embeddable":true,"href":"https:\/\/radiostudiow.com.br\/site\/wp-json\/wp\/v2\/users\/2"}],"replies":[{"embeddable":true,"href":"https:\/\/radiostudiow.com.br\/site\/wp-json\/wp\/v2\/comments?post=37040"}],"version-history":[{"count":1,"href":"https:\/\/radiostudiow.com.br\/site\/wp-json\/wp\/v2\/posts\/37040\/revisions"}],"predecessor-version":[{"id":37045,"href":"https:\/\/radiostudiow.com.br\/site\/wp-json\/wp\/v2\/posts\/37040\/revisions\/37045"}],"wp:featuredmedia":[{"embeddable":true,"href":"https:\/\/radiostudiow.com.br\/site\/wp-json\/wp\/v2\/media\/37044"}],"wp:attachment":[{"href":"https:\/\/radiostudiow.com.br\/site\/wp-json\/wp\/v2\/media?parent=37040"}],"wp:term":[{"taxonomy":"category","embeddable":true,"href":"https:\/\/radiostudiow.com.br\/site\/wp-json\/wp\/v2\/categories?post=37040"},{"taxonomy":"post_tag","embeddable":true,"href":"https:\/\/radiostudiow.com.br\/site\/wp-json\/wp\/v2\/tags?post=37040"}],"curies":[{"name":"wp","href":"https:\/\/api.w.org\/{rel}","templated":true}]}}