{"id":37047,"date":"2025-04-17T22:37:28","date_gmt":"2025-04-18T01:37:28","guid":{"rendered":"https:\/\/radiostudiow.com.br\/site\/?p=37047"},"modified":"2025-04-17T22:37:28","modified_gmt":"2025-04-18T01:37:28","slug":"com-fe-e-esperanca-no-coracao-peregrinos-de-mallet-percorrem-a-pe-mais-de-65-km-ate-o-morro-do-cristo-em-uniao-da-vitoria","status":"publish","type":"post","link":"https:\/\/radiostudiow.com.br\/site\/2025\/04\/17\/com-fe-e-esperanca-no-coracao-peregrinos-de-mallet-percorrem-a-pe-mais-de-65-km-ate-o-morro-do-cristo-em-uniao-da-vitoria\/","title":{"rendered":"Com f\u00e9 e esperan\u00e7a no cora\u00e7\u00e3o, peregrinos de Mallet percorrem a p\u00e9 mais de 65 km at\u00e9 o Morro do Cristo em Uni\u00e3o da Vit\u00f3ria"},"content":{"rendered":"\n<p><\/p>\n\n\n\n<figure class=\"wp-block-image size-full\"><img loading=\"lazy\" decoding=\"async\" width=\"897\" height=\"204\" src=\"https:\/\/radiostudiow.com.br\/site\/wp-content\/uploads\/2025\/03\/image-62.png\" alt=\"\" class=\"wp-image-35859\" srcset=\"https:\/\/radiostudiow.com.br\/site\/wp-content\/uploads\/2025\/03\/image-62.png 897w, https:\/\/radiostudiow.com.br\/site\/wp-content\/uploads\/2025\/03\/image-62-300x68.png 300w, https:\/\/radiostudiow.com.br\/site\/wp-content\/uploads\/2025\/03\/image-62-768x175.png 768w\" sizes=\"auto, (max-width: 897px) 100vw, 897px\" \/><\/figure>\n\n\n\n<p><\/p>\n\n\n\n<h2 class=\"wp-block-heading\">A caminhada anual re\u00fane fi\u00e9is que enfrentam o cansa\u00e7o, o frio e as dores f\u00edsicas para agradecer, renovar promessas e reafirmar a f\u00e9<\/h2>\n\n\n\n<p><\/p>\n\n\n\n<p>Em um emocionante ato de f\u00e9 e devo\u00e7\u00e3o, mais de 20 peregrinos da cidade de Mallet, embarcaram nesta quinta-feira (17) em uma <strong>jornada de cerca de<\/strong> <strong>65 quil\u00f4metros com<\/strong> <strong>destino ao Morro do Cristo, em Uni\u00e3o da Vit\u00f3ria.<\/strong><\/p>\n\n\n\n<p>A caminhada, que j\u00e1 se tornou tradi\u00e7\u00e3o e ocorre todos os anos na v\u00e9spera da Sexta-feira Santa, \u00e9 marcada por promessas, agradecimentos e uma espiritualidade que transcende o desgaste f\u00edsico.<\/p>\n\n\n\n<p><strong>A reportagem da Studio W TV acompanhou a sa\u00edda \u00e0s 14h15 no Parque dos Imigrantes, onde os fi\u00e9is seguiram um longo trajeto que passa por Dorizon, Paulo Frontin, Vargem Grande (pela estrada de ch\u00e3o), Rondinha, BR-476 em Paula Freitas, at\u00e9 finalmente alcan\u00e7ar o Morro do Cristo, com chegada prevista para as 6h da manh\u00e3 desta sexta-feira Santa dia 18 de abril.<\/strong><\/p>\n\n\n\n<h2 class=\"wp-block-heading\">Ser\u00e3o quase 15 horas de caminhada, enfrentando o frio da madrugada e o cansa\u00e7o do corpo \u2014 mas com a alma abastecida pela f\u00e9.<\/h2>\n\n\n\n<p><\/p>\n\n\n\n<figure class=\"wp-block-image size-full\"><img loading=\"lazy\" decoding=\"async\" width=\"897\" height=\"204\" src=\"https:\/\/radiostudiow.com.br\/site\/wp-content\/uploads\/2025\/03\/BARAO-NOVO-NOTICIAS-1.jpg\" alt=\"\" class=\"wp-image-35084\" srcset=\"https:\/\/radiostudiow.com.br\/site\/wp-content\/uploads\/2025\/03\/BARAO-NOVO-NOTICIAS-1.jpg 897w, https:\/\/radiostudiow.com.br\/site\/wp-content\/uploads\/2025\/03\/BARAO-NOVO-NOTICIAS-1-300x68.jpg 300w, https:\/\/radiostudiow.com.br\/site\/wp-content\/uploads\/2025\/03\/BARAO-NOVO-NOTICIAS-1-768x175.jpg 768w\" sizes=\"auto, (max-width: 897px) 100vw, 897px\" \/><\/figure>\n\n\n\n<p><\/p>\n\n\n\n<p><strong>Entre os participantes, est\u00e1 o exemplo inspirador de seu Aloise Novacki, de 70 anos, que participa pela oitava vez da peregrina\u00e7\u00e3o.<\/strong><\/p>\n\n\n\n<p><strong>Sua presen\u00e7a constante \u00e9 um s\u00edmbolo de determina\u00e7\u00e3o e f\u00e9, servindo como exemplo e motiva\u00e7\u00e3o para os mais jovens \u2014 muitos deles fazendo o trajeto pela primeira vez este ano.<\/strong><\/p>\n\n\n\n<figure class=\"wp-block-image size-large\"><img loading=\"lazy\" decoding=\"async\" width=\"1024\" height=\"576\" src=\"https:\/\/radiostudiow.com.br\/site\/wp-content\/uploads\/2025\/04\/PRISM_20250417_143143.mp4.00_06_24_14.Still001-1024x576.jpg\" alt=\"\" class=\"wp-image-37048\" srcset=\"https:\/\/radiostudiow.com.br\/site\/wp-content\/uploads\/2025\/04\/PRISM_20250417_143143.mp4.00_06_24_14.Still001-1024x576.jpg 1024w, https:\/\/radiostudiow.com.br\/site\/wp-content\/uploads\/2025\/04\/PRISM_20250417_143143.mp4.00_06_24_14.Still001-300x169.jpg 300w, https:\/\/radiostudiow.com.br\/site\/wp-content\/uploads\/2025\/04\/PRISM_20250417_143143.mp4.00_06_24_14.Still001-768x432.jpg 768w, https:\/\/radiostudiow.com.br\/site\/wp-content\/uploads\/2025\/04\/PRISM_20250417_143143.mp4.00_06_24_14.Still001.jpg 1280w\" sizes=\"auto, (max-width: 1024px) 100vw, 1024px\" \/><\/figure>\n\n\n\n<p><\/p>\n\n\n\n<figure class=\"wp-block-image size-full\"><img loading=\"lazy\" decoding=\"async\" width=\"897\" height=\"204\" src=\"https:\/\/radiostudiow.com.br\/site\/wp-content\/uploads\/2025\/02\/SITE-GRANDE7.png\" alt=\"\" class=\"wp-image-33861\" srcset=\"https:\/\/radiostudiow.com.br\/site\/wp-content\/uploads\/2025\/02\/SITE-GRANDE7.png 897w, https:\/\/radiostudiow.com.br\/site\/wp-content\/uploads\/2025\/02\/SITE-GRANDE7-300x68.png 300w, https:\/\/radiostudiow.com.br\/site\/wp-content\/uploads\/2025\/02\/SITE-GRANDE7-768x175.png 768w\" sizes=\"auto, (max-width: 897px) 100vw, 897px\" \/><\/figure>\n\n\n\n<p><\/p>\n\n\n\n<p>Alguns Peregrinos que fizeram o mesmo caminho no ano passado relatam que a f\u00e9 que motiva cada vez mais a participa\u00e7\u00e3o e a vontade de sempre participar. <strong>\u201cOs p\u00e9s ficam marcados com calos e bolhas, como no ano passado, mas nada se compara \u00e0 alegria de vencer essa jornada. N\u00e3o tem pre\u00e7o\u201d, relatou Carla Lachman com os olhos marejados de emo\u00e7\u00e3o.<\/strong><\/p>\n\n\n\n<figure class=\"wp-block-image size-large\"><img loading=\"lazy\" decoding=\"async\" width=\"1024\" height=\"576\" src=\"https:\/\/radiostudiow.com.br\/site\/wp-content\/uploads\/2025\/04\/PRISM_20250417_143143.mp4.00_11_14_17.Still002-1024x576.jpg\" alt=\"\" class=\"wp-image-37049\" srcset=\"https:\/\/radiostudiow.com.br\/site\/wp-content\/uploads\/2025\/04\/PRISM_20250417_143143.mp4.00_11_14_17.Still002-1024x576.jpg 1024w, https:\/\/radiostudiow.com.br\/site\/wp-content\/uploads\/2025\/04\/PRISM_20250417_143143.mp4.00_11_14_17.Still002-300x169.jpg 300w, https:\/\/radiostudiow.com.br\/site\/wp-content\/uploads\/2025\/04\/PRISM_20250417_143143.mp4.00_11_14_17.Still002-768x432.jpg 768w, https:\/\/radiostudiow.com.br\/site\/wp-content\/uploads\/2025\/04\/PRISM_20250417_143143.mp4.00_11_14_17.Still002.jpg 1280w\" sizes=\"auto, (max-width: 1024px) 100vw, 1024px\" \/><\/figure>\n\n\n\n<p><\/p>\n\n\n\n<p>O sentimento \u00e9 compartilhado por todos: a dor f\u00edsica \u00e9 superada pela for\u00e7a espiritual de cumprir uma promessa e renovar a esperan\u00e7a para mais um ano de vida, sa\u00fade e gra\u00e7as.<\/p>\n\n\n\n<p>A caminhada at\u00e9 o Morro do Cristo n\u00e3o \u00e9 apenas um desafio f\u00edsico \u2014 \u00e9 uma demonstra\u00e7\u00e3o de f\u00e9 inabal\u00e1vel.<\/p>\n\n\n\n<p>Cada passo dado ao longo da estrada representa uma ora\u00e7\u00e3o, um agradecimento, um pedido silencioso. Ao amanhecer, quando os primeiros raios de sol iluminam a cidade, os peregrinos chegam exaustos, mas renovados, em um momento que mistura l\u00e1grimas, sorrisos e ora\u00e7\u00f5es.<\/p>\n\n\n\n<figure class=\"wp-block-image size-full\"><img loading=\"lazy\" decoding=\"async\" width=\"897\" height=\"204\" src=\"https:\/\/radiostudiow.com.br\/site\/wp-content\/uploads\/2025\/03\/SITE-GRANDE5.png\" alt=\"\" class=\"wp-image-35420\" srcset=\"https:\/\/radiostudiow.com.br\/site\/wp-content\/uploads\/2025\/03\/SITE-GRANDE5.png 897w, https:\/\/radiostudiow.com.br\/site\/wp-content\/uploads\/2025\/03\/SITE-GRANDE5-300x68.png 300w, https:\/\/radiostudiow.com.br\/site\/wp-content\/uploads\/2025\/03\/SITE-GRANDE5-768x175.png 768w\" sizes=\"auto, (max-width: 897px) 100vw, 897px\" \/><\/figure>\n\n\n\n<p><\/p>\n\n\n\n<p><strong>A jornada de Mallet at\u00e9 Uni\u00e3o da Vit\u00f3ria \u00e9, acima de tudo, uma celebra\u00e7\u00e3o da f\u00e9 que move montanhas \u2014 e neste caso, que move cora\u00e7\u00f5es a atravessar quil\u00f4metros em nome da devo\u00e7\u00e3o.<\/strong><\/p>\n\n\n\n<figure class=\"wp-block-image size-large\"><img loading=\"lazy\" decoding=\"async\" width=\"1024\" height=\"768\" src=\"https:\/\/radiostudiow.com.br\/site\/wp-content\/uploads\/2025\/04\/a6301fe4-1ce7-439d-a49f-e8ef39d7b2c3-1024x768.jpg\" alt=\"\" class=\"wp-image-37050\" srcset=\"https:\/\/radiostudiow.com.br\/site\/wp-content\/uploads\/2025\/04\/a6301fe4-1ce7-439d-a49f-e8ef39d7b2c3-1024x768.jpg 1024w, https:\/\/radiostudiow.com.br\/site\/wp-content\/uploads\/2025\/04\/a6301fe4-1ce7-439d-a49f-e8ef39d7b2c3-300x225.jpg 300w, https:\/\/radiostudiow.com.br\/site\/wp-content\/uploads\/2025\/04\/a6301fe4-1ce7-439d-a49f-e8ef39d7b2c3-768x576.jpg 768w, https:\/\/radiostudiow.com.br\/site\/wp-content\/uploads\/2025\/04\/a6301fe4-1ce7-439d-a49f-e8ef39d7b2c3-1536x1152.jpg 1536w, https:\/\/radiostudiow.com.br\/site\/wp-content\/uploads\/2025\/04\/a6301fe4-1ce7-439d-a49f-e8ef39d7b2c3.jpg 1600w\" sizes=\"auto, (max-width: 1024px) 100vw, 1024px\" \/><\/figure>\n\n\n\n<h2 class=\"wp-block-heading\">Foto: Participantes da peregrina\u00e7\u00e3o descansando por volta das 19:00 horas depois de encarrar 20k  pr\u00f3ximo ao trevo da cidade de Paulo Frontin.<\/h2>\n\n\n\n<p><\/p>\n\n\n\n<p><strong>REPORTAGEM: W NOT\u00cdCIAS DA STUDIO W TV<\/strong><\/p>\n\n\n\n<p><\/p>\n","protected":false},"excerpt":{"rendered":"<p>A caminhada anual re\u00fane fi\u00e9is que enfrentam o cansa\u00e7o, o frio e as dores f\u00edsicas para agradecer, renovar promessas e reafirmar a f\u00e9 Em um emocionante ato de f\u00e9 e devo\u00e7\u00e3o, mais de 20 peregrinos da cidade de Mallet, embarcaram nesta quinta-feira (17) em uma jornada de cerca de 65 quil\u00f4metros com destino ao Morro [&hellip;]<\/p>\n","protected":false},"author":2,"featured_media":37051,"comment_status":"open","ping_status":"open","sticky":false,"template":"","format":"standard","meta":{"footnotes":""},"categories":[184],"tags":[172],"class_list":["post-37047","post","type-post","status-publish","format-standard","has-post-thumbnail","hentry","category-local","tag-featured"],"amp_enabled":true,"_links":{"self":[{"href":"https:\/\/radiostudiow.com.br\/site\/wp-json\/wp\/v2\/posts\/37047","targetHints":{"allow":["GET"]}}],"collection":[{"href":"https:\/\/radiostudiow.com.br\/site\/wp-json\/wp\/v2\/posts"}],"about":[{"href":"https:\/\/radiostudiow.com.br\/site\/wp-json\/wp\/v2\/types\/post"}],"author":[{"embeddable":true,"href":"https:\/\/radiostudiow.com.br\/site\/wp-json\/wp\/v2\/users\/2"}],"replies":[{"embeddable":true,"href":"https:\/\/radiostudiow.com.br\/site\/wp-json\/wp\/v2\/comments?post=37047"}],"version-history":[{"count":1,"href":"https:\/\/radiostudiow.com.br\/site\/wp-json\/wp\/v2\/posts\/37047\/revisions"}],"predecessor-version":[{"id":37052,"href":"https:\/\/radiostudiow.com.br\/site\/wp-json\/wp\/v2\/posts\/37047\/revisions\/37052"}],"wp:featuredmedia":[{"embeddable":true,"href":"https:\/\/radiostudiow.com.br\/site\/wp-json\/wp\/v2\/media\/37051"}],"wp:attachment":[{"href":"https:\/\/radiostudiow.com.br\/site\/wp-json\/wp\/v2\/media?parent=37047"}],"wp:term":[{"taxonomy":"category","embeddable":true,"href":"https:\/\/radiostudiow.com.br\/site\/wp-json\/wp\/v2\/categories?post=37047"},{"taxonomy":"post_tag","embeddable":true,"href":"https:\/\/radiostudiow.com.br\/site\/wp-json\/wp\/v2\/tags?post=37047"}],"curies":[{"name":"wp","href":"https:\/\/api.w.org\/{rel}","templated":true}]}}