{"id":37056,"date":"2025-04-19T09:26:04","date_gmt":"2025-04-19T12:26:04","guid":{"rendered":"https:\/\/radiostudiow.com.br\/site\/?p=37056"},"modified":"2025-04-19T09:26:04","modified_gmt":"2025-04-19T12:26:04","slug":"mae-e-filho-sao-presos-por-trafico-de-drogas-em-uniao-da-vitoria","status":"publish","type":"post","link":"https:\/\/radiostudiow.com.br\/site\/2025\/04\/19\/mae-e-filho-sao-presos-por-trafico-de-drogas-em-uniao-da-vitoria\/","title":{"rendered":"M\u00e3e e filho s\u00e3o presos por tr\u00e1fico de drogas em Uni\u00e3o da Vit\u00f3ria"},"content":{"rendered":"\n<p>Uma equipe da ROTAM (Rondas Ostensivas T\u00e1tico M\u00f3vel) cumpriu um mandado de busca e apreens\u00e3o em uma resid\u00eancia localizada no bairro S\u00e3o Braz, em Uni\u00e3o da Vit\u00f3ria na madrugada desta sexta-feira, (18).\u00a0A opera\u00e7\u00e3o tinha como alvo um indiv\u00edduo suspeito de envolvimento com o tr\u00e1fico de drogas.<\/p>\n\n\n\n<figure class=\"wp-block-image size-full\"><img loading=\"lazy\" decoding=\"async\" width=\"897\" height=\"204\" src=\"https:\/\/radiostudiow.com.br\/site\/wp-content\/uploads\/2025\/01\/SITE-GRANDE.png\" alt=\"\" class=\"wp-image-32809\" srcset=\"https:\/\/radiostudiow.com.br\/site\/wp-content\/uploads\/2025\/01\/SITE-GRANDE.png 897w, https:\/\/radiostudiow.com.br\/site\/wp-content\/uploads\/2025\/01\/SITE-GRANDE-300x68.png 300w, https:\/\/radiostudiow.com.br\/site\/wp-content\/uploads\/2025\/01\/SITE-GRANDE-768x175.png 768w\" sizes=\"auto, (max-width: 897px) 100vw, 897px\" \/><\/figure>\n\n\n\n<p>Durante a abordagem, o suspeito foi localizado em sua casa, onde tamb\u00e9m se encontrava sua m\u00e3e. No momento da entrada da equipe policial,\u00a0a mulher tentou impedir a a\u00e7\u00e3o, mas as buscas foram realizadas conforme os protocolos legais e com o devido respaldo judicial.<\/p>\n\n\n\n<p>No interior do im\u00f3vel, os policiais encontraram entorpecentes e diversos materiais utilizados no preparo e com\u00e9rcio il\u00edcito de drogas, caracterizando ind\u00edcios claros de tr\u00e1fico.<\/p>\n\n\n\n<figure class=\"wp-block-image size-full\"><img loading=\"lazy\" decoding=\"async\" width=\"598\" height=\"204\" src=\"https:\/\/radiostudiow.com.br\/site\/wp-content\/uploads\/2025\/01\/SITE-MEDIO7.png\" alt=\"\" class=\"wp-image-32801\" srcset=\"https:\/\/radiostudiow.com.br\/site\/wp-content\/uploads\/2025\/01\/SITE-MEDIO7.png 598w, https:\/\/radiostudiow.com.br\/site\/wp-content\/uploads\/2025\/01\/SITE-MEDIO7-300x102.png 300w\" sizes=\"auto, (max-width: 598px) 100vw, 598px\" \/><\/figure>\n\n\n\n<p>O homem possui passagens anteriores pelo mesmo tipo de crime.\u00a0Al\u00e9m disso,\u00a0sua m\u00e3e foi recentemente detida por posse de coca\u00edna,\u00a0refor\u00e7ando os ind\u00edcios de envolvimento familiar com atividades il\u00edcitas.<\/p>\n\n\n\n<p>Ambos foram encaminhados \u00e0 4\u00aa Subdivis\u00e3o Policial, onde permanecem \u00e0 disposi\u00e7\u00e3o da Justi\u00e7a para os procedimentos legais cab\u00edveis.<\/p>\n","protected":false},"excerpt":{"rendered":"<p>Uma equipe da ROTAM (Rondas Ostensivas T\u00e1tico M\u00f3vel) cumpriu um mandado de busca e apreens\u00e3o em uma resid\u00eancia localizada no bairro S\u00e3o Braz, em Uni\u00e3o da Vit\u00f3ria na madrugada desta sexta-feira, (18).\u00a0A opera\u00e7\u00e3o tinha como alvo um indiv\u00edduo suspeito de envolvimento com o tr\u00e1fico de drogas. Durante a abordagem, o suspeito foi localizado em sua [&hellip;]<\/p>\n","protected":false},"author":2,"featured_media":37057,"comment_status":"open","ping_status":"open","sticky":false,"template":"","format":"standard","meta":{"footnotes":""},"categories":[2],"tags":[172],"class_list":["post-37056","post","type-post","status-publish","format-standard","has-post-thumbnail","hentry","category-policial","tag-featured"],"amp_enabled":true,"_links":{"self":[{"href":"https:\/\/radiostudiow.com.br\/site\/wp-json\/wp\/v2\/posts\/37056","targetHints":{"allow":["GET"]}}],"collection":[{"href":"https:\/\/radiostudiow.com.br\/site\/wp-json\/wp\/v2\/posts"}],"about":[{"href":"https:\/\/radiostudiow.com.br\/site\/wp-json\/wp\/v2\/types\/post"}],"author":[{"embeddable":true,"href":"https:\/\/radiostudiow.com.br\/site\/wp-json\/wp\/v2\/users\/2"}],"replies":[{"embeddable":true,"href":"https:\/\/radiostudiow.com.br\/site\/wp-json\/wp\/v2\/comments?post=37056"}],"version-history":[{"count":1,"href":"https:\/\/radiostudiow.com.br\/site\/wp-json\/wp\/v2\/posts\/37056\/revisions"}],"predecessor-version":[{"id":37058,"href":"https:\/\/radiostudiow.com.br\/site\/wp-json\/wp\/v2\/posts\/37056\/revisions\/37058"}],"wp:featuredmedia":[{"embeddable":true,"href":"https:\/\/radiostudiow.com.br\/site\/wp-json\/wp\/v2\/media\/37057"}],"wp:attachment":[{"href":"https:\/\/radiostudiow.com.br\/site\/wp-json\/wp\/v2\/media?parent=37056"}],"wp:term":[{"taxonomy":"category","embeddable":true,"href":"https:\/\/radiostudiow.com.br\/site\/wp-json\/wp\/v2\/categories?post=37056"},{"taxonomy":"post_tag","embeddable":true,"href":"https:\/\/radiostudiow.com.br\/site\/wp-json\/wp\/v2\/tags?post=37056"}],"curies":[{"name":"wp","href":"https:\/\/api.w.org\/{rel}","templated":true}]}}