{"id":37061,"date":"2025-04-19T09:39:46","date_gmt":"2025-04-19T12:39:46","guid":{"rendered":"https:\/\/radiostudiow.com.br\/site\/?p=37061"},"modified":"2025-04-19T09:39:46","modified_gmt":"2025-04-19T12:39:46","slug":"rotam-de-sao-mateus-do-sul-apreende-cocaina-com-motociclista","status":"publish","type":"post","link":"https:\/\/radiostudiow.com.br\/site\/2025\/04\/19\/rotam-de-sao-mateus-do-sul-apreende-cocaina-com-motociclista\/","title":{"rendered":"ROTAM de S\u00e3o Mateus do Sul apreende coca\u00edna com motociclista"},"content":{"rendered":"\n<p>A equipe da ROTAM estava em patrulhamento pela \u00e1rea central de S\u00e3o Mateus do Sul quando avistou uma motocicleta transitando com os far\u00f3is apagados.\u00a0Diante da situa\u00e7\u00e3o e da atitude suspeita do condutor motivou a abordagem policial.<\/p>\n\n\n\n<p>Durante revista pessoal, os policiais encontraram tr\u00eas por\u00e7\u00f5es de uma subst\u00e2ncia an\u00e1loga \u00e0 coca\u00edna com o motociclista.\u00a0Questionado, o abordado admitiu que guardava mais entorpecentes em sua resid\u00eancia.<\/p>\n\n\n\n<figure class=\"wp-block-image size-full\"><img loading=\"lazy\" decoding=\"async\" width=\"897\" height=\"204\" src=\"https:\/\/radiostudiow.com.br\/site\/wp-content\/uploads\/2025\/01\/SITE-GRANDE2.png\" alt=\"\" class=\"wp-image-32805\" srcset=\"https:\/\/radiostudiow.com.br\/site\/wp-content\/uploads\/2025\/01\/SITE-GRANDE2.png 897w, https:\/\/radiostudiow.com.br\/site\/wp-content\/uploads\/2025\/01\/SITE-GRANDE2-300x68.png 300w, https:\/\/radiostudiow.com.br\/site\/wp-content\/uploads\/2025\/01\/SITE-GRANDE2-768x175.png 768w\" sizes=\"auto, (max-width: 897px) 100vw, 897px\" \/><\/figure>\n\n\n\n<p>Diante da confiss\u00e3o, a equipe policial se deslocou at\u00e9 o endere\u00e7o indicado,\u00a0onde localizou 127 pinos de coca\u00edna prontos para a venda, al\u00e9m de 24 gramas da droga a granel e uma quantia em dinheiro, indicando atividade de tr\u00e1fico.<\/p>\n\n\n\n<p>O suspeito foi detido e encaminhado \u00e0 Delegacia de Pol\u00edcia Civil, onde foram adotadas as medidas legais cab\u00edveis.<\/p>\n\n\n\n<p><a href=\"mailto:?subject=ROTAM%20apreende%20coca%C3%ADna%20ap%C3%B3s%20abordagem%20a%20motociclista%20com%20far%C3%B3is%20apagados&amp;body=https:\/\/www.vvale.com.br\/seguranca\/rotam-apreende-cocaina-apos-abordagem-a-motociclista-com-farois-apagados\/\" target=\"_blank\" rel=\"noreferrer noopener\"><\/a><\/p>\n","protected":false},"excerpt":{"rendered":"<p>A equipe da ROTAM estava em patrulhamento pela \u00e1rea central de S\u00e3o Mateus do Sul quando avistou uma motocicleta transitando com os far\u00f3is apagados.\u00a0Diante da situa\u00e7\u00e3o e da atitude suspeita do condutor motivou a abordagem policial. Durante revista pessoal, os policiais encontraram tr\u00eas por\u00e7\u00f5es de uma subst\u00e2ncia an\u00e1loga \u00e0 coca\u00edna com o motociclista.\u00a0Questionado, o abordado [&hellip;]<\/p>\n","protected":false},"author":2,"featured_media":37062,"comment_status":"open","ping_status":"open","sticky":false,"template":"","format":"standard","meta":{"footnotes":""},"categories":[2],"tags":[172],"class_list":["post-37061","post","type-post","status-publish","format-standard","has-post-thumbnail","hentry","category-policial","tag-featured"],"amp_enabled":true,"_links":{"self":[{"href":"https:\/\/radiostudiow.com.br\/site\/wp-json\/wp\/v2\/posts\/37061","targetHints":{"allow":["GET"]}}],"collection":[{"href":"https:\/\/radiostudiow.com.br\/site\/wp-json\/wp\/v2\/posts"}],"about":[{"href":"https:\/\/radiostudiow.com.br\/site\/wp-json\/wp\/v2\/types\/post"}],"author":[{"embeddable":true,"href":"https:\/\/radiostudiow.com.br\/site\/wp-json\/wp\/v2\/users\/2"}],"replies":[{"embeddable":true,"href":"https:\/\/radiostudiow.com.br\/site\/wp-json\/wp\/v2\/comments?post=37061"}],"version-history":[{"count":1,"href":"https:\/\/radiostudiow.com.br\/site\/wp-json\/wp\/v2\/posts\/37061\/revisions"}],"predecessor-version":[{"id":37063,"href":"https:\/\/radiostudiow.com.br\/site\/wp-json\/wp\/v2\/posts\/37061\/revisions\/37063"}],"wp:featuredmedia":[{"embeddable":true,"href":"https:\/\/radiostudiow.com.br\/site\/wp-json\/wp\/v2\/media\/37062"}],"wp:attachment":[{"href":"https:\/\/radiostudiow.com.br\/site\/wp-json\/wp\/v2\/media?parent=37061"}],"wp:term":[{"taxonomy":"category","embeddable":true,"href":"https:\/\/radiostudiow.com.br\/site\/wp-json\/wp\/v2\/categories?post=37061"},{"taxonomy":"post_tag","embeddable":true,"href":"https:\/\/radiostudiow.com.br\/site\/wp-json\/wp\/v2\/tags?post=37061"}],"curies":[{"name":"wp","href":"https:\/\/api.w.org\/{rel}","templated":true}]}}