{"id":37064,"date":"2025-04-19T10:15:17","date_gmt":"2025-04-19T13:15:17","guid":{"rendered":"https:\/\/radiostudiow.com.br\/site\/?p=37064"},"modified":"2025-04-19T10:15:57","modified_gmt":"2025-04-19T13:15:57","slug":"corpo-de-homem-que-estava-desaparecido-foi-localizado-no-rio","status":"publish","type":"post","link":"https:\/\/radiostudiow.com.br\/site\/2025\/04\/19\/corpo-de-homem-que-estava-desaparecido-foi-localizado-no-rio\/","title":{"rendered":"Corpo de homem que estava desaparecido foi localizado no Rio Jangada em General Carneiro"},"content":{"rendered":"\n<p>A equipe do Corpo de Bombeiros de Uni\u00e3o da Vit\u00f3ria confirmou que foi localizdo o corpo de\u00a0Emerson Martins Ferreira\u00a0que estava desparecido desde o dia 11 de abril na cidade de General Carneiro.<\/p>\n\n\n\n<p>O corpo foi localizado por volta das 08h30min dessa sexta-feira (18), enroscado h\u00e1 cerca de 500 metros no rio Jangada do ponto em que o homem foi visto pela \u00faltima vez.<\/p>\n\n\n\n<figure class=\"wp-block-image size-full\"><img loading=\"lazy\" decoding=\"async\" width=\"598\" height=\"204\" src=\"https:\/\/radiostudiow.com.br\/site\/wp-content\/uploads\/2025\/01\/SITE-MEDIO3.png\" alt=\"\" class=\"wp-image-32815\" srcset=\"https:\/\/radiostudiow.com.br\/site\/wp-content\/uploads\/2025\/01\/SITE-MEDIO3.png 598w, https:\/\/radiostudiow.com.br\/site\/wp-content\/uploads\/2025\/01\/SITE-MEDIO3-300x102.png 300w\" sizes=\"auto, (max-width: 598px) 100vw, 598px\" \/><\/figure>\n\n\n\n<p>Durante a semana, v\u00e1rias equipes dos Bombeiros Comunit\u00e1rios de General Carneiro e Defesa Civil, tamb\u00e9m se empenharam os Bombeiros Militares de Uni\u00e3o da Vit\u00f3ria, o Grupo de Opera\u00e7\u00f5es de Socorro T\u00e1tica \u2013 GOST, al\u00e9m de populares foram mobilizadas em sua busca.<\/p>\n\n\n\n<figure class=\"wp-block-embed is-type-wp-embed is-provider-studio-w wp-block-embed-studio-w\"><div class=\"wp-block-embed__wrapper\">\n<blockquote class=\"wp-embedded-content\" data-secret=\"GWThTTtHif\"><a href=\"https:\/\/radiostudiow.com.br\/site\/2025\/04\/15\/morador-de-general-carneiro-esta-desaparecido-bombeiros-realizam-buscas-no-rio-jangada\/\">Morador de General Carneiro est\u00e1 desaparecido. Bombeiros realizam buscas no Rio Jangada<\/a><\/blockquote><iframe loading=\"lazy\" class=\"wp-embedded-content\" sandbox=\"allow-scripts\" security=\"restricted\" style=\"position: absolute; visibility: hidden;\" title=\"&#8220;Morador de General Carneiro est\u00e1 desaparecido. Bombeiros realizam buscas no Rio Jangada&#8221; &#8212; Studio W\" src=\"https:\/\/radiostudiow.com.br\/site\/2025\/04\/15\/morador-de-general-carneiro-esta-desaparecido-bombeiros-realizam-buscas-no-rio-jangada\/embed\/#?secret=HNYRNY83zT#?secret=GWThTTtHif\" data-secret=\"GWThTTtHif\" width=\"600\" height=\"338\" frameborder=\"0\" marginwidth=\"0\" marginheight=\"0\" scrolling=\"no\"><\/iframe>\n<\/div><\/figure>\n\n\n\n<p><\/p>\n","protected":false},"excerpt":{"rendered":"<p>A equipe do Corpo de Bombeiros de Uni\u00e3o da Vit\u00f3ria confirmou que foi localizdo o corpo de\u00a0Emerson Martins Ferreira\u00a0que estava desparecido desde o dia 11 de abril na cidade de General Carneiro. O corpo foi localizado por volta das 08h30min dessa sexta-feira (18), enroscado h\u00e1 cerca de 500 metros no rio Jangada do ponto em [&hellip;]<\/p>\n","protected":false},"author":2,"featured_media":37065,"comment_status":"open","ping_status":"open","sticky":false,"template":"","format":"standard","meta":{"footnotes":""},"categories":[185],"tags":[172],"class_list":["post-37064","post","type-post","status-publish","format-standard","has-post-thumbnail","hentry","category-regional","tag-featured"],"amp_enabled":true,"_links":{"self":[{"href":"https:\/\/radiostudiow.com.br\/site\/wp-json\/wp\/v2\/posts\/37064","targetHints":{"allow":["GET"]}}],"collection":[{"href":"https:\/\/radiostudiow.com.br\/site\/wp-json\/wp\/v2\/posts"}],"about":[{"href":"https:\/\/radiostudiow.com.br\/site\/wp-json\/wp\/v2\/types\/post"}],"author":[{"embeddable":true,"href":"https:\/\/radiostudiow.com.br\/site\/wp-json\/wp\/v2\/users\/2"}],"replies":[{"embeddable":true,"href":"https:\/\/radiostudiow.com.br\/site\/wp-json\/wp\/v2\/comments?post=37064"}],"version-history":[{"count":2,"href":"https:\/\/radiostudiow.com.br\/site\/wp-json\/wp\/v2\/posts\/37064\/revisions"}],"predecessor-version":[{"id":37067,"href":"https:\/\/radiostudiow.com.br\/site\/wp-json\/wp\/v2\/posts\/37064\/revisions\/37067"}],"wp:featuredmedia":[{"embeddable":true,"href":"https:\/\/radiostudiow.com.br\/site\/wp-json\/wp\/v2\/media\/37065"}],"wp:attachment":[{"href":"https:\/\/radiostudiow.com.br\/site\/wp-json\/wp\/v2\/media?parent=37064"}],"wp:term":[{"taxonomy":"category","embeddable":true,"href":"https:\/\/radiostudiow.com.br\/site\/wp-json\/wp\/v2\/categories?post=37064"},{"taxonomy":"post_tag","embeddable":true,"href":"https:\/\/radiostudiow.com.br\/site\/wp-json\/wp\/v2\/tags?post=37064"}],"curies":[{"name":"wp","href":"https:\/\/api.w.org\/{rel}","templated":true}]}}