{"id":37068,"date":"2025-04-19T10:19:30","date_gmt":"2025-04-19T13:19:30","guid":{"rendered":"https:\/\/radiostudiow.com.br\/site\/?p=37068"},"modified":"2025-04-19T10:34:49","modified_gmt":"2025-04-19T13:34:49","slug":"acidente-e-registrado-na-rotatorio-em-porto-uniao","status":"publish","type":"post","link":"https:\/\/radiostudiow.com.br\/site\/2025\/04\/19\/acidente-e-registrado-na-rotatorio-em-porto-uniao\/","title":{"rendered":"Acidente \u00e9 registrado em uma rotat\u00f3ria de Porto Uni\u00e3o"},"content":{"rendered":"\n<p>Um acidente de tr\u00e2nsito foi atendido pelo Corpo de Bombeiros de Porto Uni\u00e3o por volta das 08h30min da manh\u00e3 desta sexta-feira (18).<\/p>\n\n\n\n<p>Desta vez, envolveu dois autom\u00f3veis, na Avenida Perimetral, nas proximidades da rotat\u00f3ria de acesso ao bairro Jardim Bras\u00edlia.<\/p>\n\n\n\n<figure class=\"wp-block-image size-full\"><img loading=\"lazy\" decoding=\"async\" width=\"598\" height=\"204\" src=\"https:\/\/radiostudiow.com.br\/site\/wp-content\/uploads\/2025\/01\/SITE-MEDIO.png\" alt=\"\" class=\"wp-image-32810\" srcset=\"https:\/\/radiostudiow.com.br\/site\/wp-content\/uploads\/2025\/01\/SITE-MEDIO.png 598w, https:\/\/radiostudiow.com.br\/site\/wp-content\/uploads\/2025\/01\/SITE-MEDIO-300x102.png 300w\" sizes=\"auto, (max-width: 598px) 100vw, 598px\" \/><\/figure>\n\n\n\n<p>O acidente envolveu um GM\/Cruze, com placas de Guaramirim (SC), e um Ford Ka, com placas de Laranjeiras do Sul (PR).<\/p>\n\n\n\n<p>Apesar do impacto,\u00a0apenas uma pessoa precisou de atendimento por parte das equipes de resgate, apresentando ferimentos considerados leves.<\/p>\n\n\n\n<figure class=\"wp-block-image size-full\"><img loading=\"lazy\" decoding=\"async\" width=\"497\" height=\"600\" src=\"https:\/\/radiostudiow.com.br\/site\/wp-content\/uploads\/2025\/04\/image-65.png\" alt=\"\" class=\"wp-image-37070\" srcset=\"https:\/\/radiostudiow.com.br\/site\/wp-content\/uploads\/2025\/04\/image-65.png 497w, https:\/\/radiostudiow.com.br\/site\/wp-content\/uploads\/2025\/04\/image-65-249x300.png 249w, https:\/\/radiostudiow.com.br\/site\/wp-content\/uploads\/2025\/04\/image-65-150x180.png 150w\" sizes=\"auto, (max-width: 497px) 100vw, 497px\" \/><\/figure>\n","protected":false},"excerpt":{"rendered":"<p>Um acidente de tr\u00e2nsito foi atendido pelo Corpo de Bombeiros de Porto Uni\u00e3o por volta das 08h30min da manh\u00e3 desta sexta-feira (18). Desta vez, envolveu dois autom\u00f3veis, na Avenida Perimetral, nas proximidades da rotat\u00f3ria de acesso ao bairro Jardim Bras\u00edlia. O acidente envolveu um GM\/Cruze, com placas de Guaramirim (SC), e um Ford Ka, com [&hellip;]<\/p>\n","protected":false},"author":2,"featured_media":37069,"comment_status":"open","ping_status":"open","sticky":false,"template":"","format":"standard","meta":{"footnotes":""},"categories":[185],"tags":[172],"class_list":["post-37068","post","type-post","status-publish","format-standard","has-post-thumbnail","hentry","category-regional","tag-featured"],"amp_enabled":true,"_links":{"self":[{"href":"https:\/\/radiostudiow.com.br\/site\/wp-json\/wp\/v2\/posts\/37068","targetHints":{"allow":["GET"]}}],"collection":[{"href":"https:\/\/radiostudiow.com.br\/site\/wp-json\/wp\/v2\/posts"}],"about":[{"href":"https:\/\/radiostudiow.com.br\/site\/wp-json\/wp\/v2\/types\/post"}],"author":[{"embeddable":true,"href":"https:\/\/radiostudiow.com.br\/site\/wp-json\/wp\/v2\/users\/2"}],"replies":[{"embeddable":true,"href":"https:\/\/radiostudiow.com.br\/site\/wp-json\/wp\/v2\/comments?post=37068"}],"version-history":[{"count":3,"href":"https:\/\/radiostudiow.com.br\/site\/wp-json\/wp\/v2\/posts\/37068\/revisions"}],"predecessor-version":[{"id":37079,"href":"https:\/\/radiostudiow.com.br\/site\/wp-json\/wp\/v2\/posts\/37068\/revisions\/37079"}],"wp:featuredmedia":[{"embeddable":true,"href":"https:\/\/radiostudiow.com.br\/site\/wp-json\/wp\/v2\/media\/37069"}],"wp:attachment":[{"href":"https:\/\/radiostudiow.com.br\/site\/wp-json\/wp\/v2\/media?parent=37068"}],"wp:term":[{"taxonomy":"category","embeddable":true,"href":"https:\/\/radiostudiow.com.br\/site\/wp-json\/wp\/v2\/categories?post=37068"},{"taxonomy":"post_tag","embeddable":true,"href":"https:\/\/radiostudiow.com.br\/site\/wp-json\/wp\/v2\/tags?post=37068"}],"curies":[{"name":"wp","href":"https:\/\/api.w.org\/{rel}","templated":true}]}}