{"id":37072,"date":"2025-04-19T10:23:22","date_gmt":"2025-04-19T13:23:22","guid":{"rendered":"https:\/\/radiostudiow.com.br\/site\/?p=37072"},"modified":"2025-04-19T10:28:07","modified_gmt":"2025-04-19T13:28:07","slug":"seis-pessoas-sao-presas-por-perturbacao-do-sossego-e-desacato-em-general-carneiro","status":"publish","type":"post","link":"https:\/\/radiostudiow.com.br\/site\/2025\/04\/19\/seis-pessoas-sao-presas-por-perturbacao-do-sossego-e-desacato-em-general-carneiro\/","title":{"rendered":"Seis pessoas s\u00e3o presas por perturba\u00e7\u00e3o do sossego e desacato em General Carneiro"},"content":{"rendered":"\n<p>Uma equipe da Pol\u00edcia Militar de General Carneiro foi acionada para atender uma ocorr\u00eancia de perturba\u00e7\u00e3o do trabalho ou sossego alheio no bairro S\u00e3o Jo\u00e3o por volta das 23h35min da noite desta sexta-feira (18).<\/p>\n\n\n\n<figure class=\"wp-block-image size-full\"><img loading=\"lazy\" decoding=\"async\" width=\"897\" height=\"204\" src=\"https:\/\/radiostudiow.com.br\/site\/wp-content\/uploads\/2025\/03\/image-62.png\" alt=\"\" class=\"wp-image-35859\" srcset=\"https:\/\/radiostudiow.com.br\/site\/wp-content\/uploads\/2025\/03\/image-62.png 897w, https:\/\/radiostudiow.com.br\/site\/wp-content\/uploads\/2025\/03\/image-62-300x68.png 300w, https:\/\/radiostudiow.com.br\/site\/wp-content\/uploads\/2025\/03\/image-62-768x175.png 768w\" sizes=\"auto, (max-width: 897px) 100vw, 897px\" \/><\/figure>\n\n\n\n<p>Ao chegar ao local, os policiais constataram que o som alto vinha de uma resid\u00eancia onde algumas pessoas estavam reunidas. A equipe realizou a abordagem e orientou os presentes a cessarem a perturba\u00e7\u00e3o.&nbsp;No entanto, os indiv\u00edduos passaram a desobedecer as ordens legais e desacatar os policiais.<\/p>\n\n\n\n<p>Diante da situa\u00e7\u00e3o e dos crimes cometidos, foi dada voz de pris\u00e3o aos envolvidos. Um aparelho de som foi apreendido e seis pessoas foram detidas, sendo todas encaminhadas \u00e0 Delegacia de Pol\u00edcia de Uni\u00e3o da Vit\u00f3ria para os devidos procedimentos legais.<\/p>\n\n\n\n<p><\/p>\n","protected":false},"excerpt":{"rendered":"<p>Uma equipe da Pol\u00edcia Militar de General Carneiro foi acionada para atender uma ocorr\u00eancia de perturba\u00e7\u00e3o do trabalho ou sossego alheio no bairro S\u00e3o Jo\u00e3o por volta das 23h35min da noite desta sexta-feira (18). Ao chegar ao local, os policiais constataram que o som alto vinha de uma resid\u00eancia onde algumas pessoas estavam reunidas. A [&hellip;]<\/p>\n","protected":false},"author":2,"featured_media":32845,"comment_status":"open","ping_status":"open","sticky":false,"template":"","format":"standard","meta":{"footnotes":""},"categories":[2],"tags":[172],"class_list":["post-37072","post","type-post","status-publish","format-standard","has-post-thumbnail","hentry","category-policial","tag-featured"],"amp_enabled":true,"_links":{"self":[{"href":"https:\/\/radiostudiow.com.br\/site\/wp-json\/wp\/v2\/posts\/37072","targetHints":{"allow":["GET"]}}],"collection":[{"href":"https:\/\/radiostudiow.com.br\/site\/wp-json\/wp\/v2\/posts"}],"about":[{"href":"https:\/\/radiostudiow.com.br\/site\/wp-json\/wp\/v2\/types\/post"}],"author":[{"embeddable":true,"href":"https:\/\/radiostudiow.com.br\/site\/wp-json\/wp\/v2\/users\/2"}],"replies":[{"embeddable":true,"href":"https:\/\/radiostudiow.com.br\/site\/wp-json\/wp\/v2\/comments?post=37072"}],"version-history":[{"count":3,"href":"https:\/\/radiostudiow.com.br\/site\/wp-json\/wp\/v2\/posts\/37072\/revisions"}],"predecessor-version":[{"id":37076,"href":"https:\/\/radiostudiow.com.br\/site\/wp-json\/wp\/v2\/posts\/37072\/revisions\/37076"}],"wp:featuredmedia":[{"embeddable":true,"href":"https:\/\/radiostudiow.com.br\/site\/wp-json\/wp\/v2\/media\/32845"}],"wp:attachment":[{"href":"https:\/\/radiostudiow.com.br\/site\/wp-json\/wp\/v2\/media?parent=37072"}],"wp:term":[{"taxonomy":"category","embeddable":true,"href":"https:\/\/radiostudiow.com.br\/site\/wp-json\/wp\/v2\/categories?post=37072"},{"taxonomy":"post_tag","embeddable":true,"href":"https:\/\/radiostudiow.com.br\/site\/wp-json\/wp\/v2\/tags?post=37072"}],"curies":[{"name":"wp","href":"https:\/\/api.w.org\/{rel}","templated":true}]}}