{"id":37080,"date":"2025-04-19T10:47:07","date_gmt":"2025-04-19T13:47:07","guid":{"rendered":"https:\/\/radiostudiow.com.br\/site\/?p=37080"},"modified":"2025-04-19T10:47:08","modified_gmt":"2025-04-19T13:47:08","slug":"acusados-das-mortes-de-trabalhadores-de-cruz-machado-e-palmas-sao-condenados","status":"publish","type":"post","link":"https:\/\/radiostudiow.com.br\/site\/2025\/04\/19\/acusados-das-mortes-de-trabalhadores-de-cruz-machado-e-palmas-sao-condenados\/","title":{"rendered":"Acusados das mortes de trabalhadores de Cruz Machado e Palmas s\u00e3o condenados"},"content":{"rendered":"\n<p class=\"has-text-align-center\"><em>Informa\u00e7\u00f5es Portal V.Vale<\/em><\/p>\n\n\n\n<p>Tr\u00eas acusados pela morte de um grupo de trabalhadores em Joinville, foram condenados nesta quarta-feira, 16, em julgamento realizado no F\u00f3rum da Comarca catarinense. As penas, somadas, ultrapassam 350 anos de pris\u00e3o.<\/p>\n\n\n\n<p>O crime ocorreu em 8 de janeiro de 2023, nos bairros Morro do Meio e Vila Nova. Recrutados por uma empresa de Joinville que prestava servi\u00e7os terceirizados de poda de \u00e1rvores, o grupo de trabalhadores morava em uma casa alugada no bairro Morro do Meio.<\/p>\n\n\n\n<p>Al\u00e9m do alojamento, o im\u00f3vel era utilizado tamb\u00e9m como dep\u00f3sito e refeit\u00f3rio.\u00a0Os trabalhadores eram oriundos das cidades de Cruz Machado, Uni\u00e3o da Vit\u00f3ria e, tr\u00eas deles eram de Palmas.<\/p>\n\n\n\n<figure class=\"wp-block-image size-full\"><img loading=\"lazy\" decoding=\"async\" width=\"897\" height=\"204\" src=\"https:\/\/radiostudiow.com.br\/site\/wp-content\/uploads\/2025\/01\/SITE-GRANDE3.png\" alt=\"\" class=\"wp-image-32900\" srcset=\"https:\/\/radiostudiow.com.br\/site\/wp-content\/uploads\/2025\/01\/SITE-GRANDE3.png 897w, https:\/\/radiostudiow.com.br\/site\/wp-content\/uploads\/2025\/01\/SITE-GRANDE3-300x68.png 300w, https:\/\/radiostudiow.com.br\/site\/wp-content\/uploads\/2025\/01\/SITE-GRANDE3-768x175.png 768w\" sizes=\"auto, (max-width: 897px) 100vw, 897px\" \/><\/figure>\n\n\n\n<p>Naquela noite, um dos trabalhadores foi at\u00e9 um bar pr\u00f3ximo e teria tentado se envolver com uma mulher de 19 anos, companheira de um l\u00edder de uma fac\u00e7\u00e3o criminosa. Ao tomar conhecimento do ass\u00e9dio, ele chamou mais oito integrantes de sua organiza\u00e7\u00e3o criminosa e foram at\u00e9 ao alojamento.<\/p>\n\n\n\n<p>Ao entrar no local, o grupo armado encontrou o acusado de ass\u00e9dio na cozinha. Ao ser identificado pela mulher, ele foi morto. O l\u00edder do grupo ordenou que n\u00e3o deixassem testemunhas. Dos 10 moradores da casa, tr\u00eas estavam do lado de fora e pularam o muro ap\u00f3s perceberam a invas\u00e3o.<\/p>\n\n\n\n<p>Horas depois, os tr\u00eas que haviam fugido retornaram ao alojamento, sendo surpreendidos pelos criminosos que ainda estavam no local.\u00a0Eles foram amarrados e colocados em um carro que servia de transporte para o trabalho. No caminho, o carro da empresa teve um problema mec\u00e2nico.<\/p>\n\n\n\n<figure class=\"wp-block-image size-full\"><img loading=\"lazy\" decoding=\"async\" width=\"900\" height=\"408\" src=\"https:\/\/radiostudiow.com.br\/site\/wp-content\/uploads\/2025\/03\/SITE-E-TV-1.png\" alt=\"\" class=\"wp-image-35744\" srcset=\"https:\/\/radiostudiow.com.br\/site\/wp-content\/uploads\/2025\/03\/SITE-E-TV-1.png 900w, https:\/\/radiostudiow.com.br\/site\/wp-content\/uploads\/2025\/03\/SITE-E-TV-1-300x136.png 300w, https:\/\/radiostudiow.com.br\/site\/wp-content\/uploads\/2025\/03\/SITE-E-TV-1-768x348.png 768w\" sizes=\"auto, (max-width: 900px) 100vw, 900px\" \/><\/figure>\n\n\n\n<p>Eles ficaram com as m\u00e3os amarradas. Antes dos executores retornarem em outro carro, os tr\u00eas conseguiram fugir. Por\u00e9m, um deles ficou perdido, foi encontrado e assassinado.<\/p>\n\n\n\n<p>Os outros seis colegas foram mortos a tiros e foram levados em outro carro para um local escondido dentro de uma mata, onde seus corpos foram carbonizados.<\/p>\n\n\n\n<p>Como houve uma grande mobiliza\u00e7\u00e3o policial nas semanas seguintes no bairro, impedindo a venda de drogas, a c\u00fapula da fac\u00e7\u00e3o teria condenado \u00e0 morte a mulher envolvida no crime.\u00a0Ela nunca mais foi vista.<\/p>\n\n\n\n<figure class=\"wp-block-image size-full\"><img loading=\"lazy\" decoding=\"async\" width=\"300\" height=\"180\" src=\"https:\/\/radiostudiow.com.br\/site\/wp-content\/uploads\/2025\/01\/SITE-PEQUENO3.png\" alt=\"\" class=\"wp-image-32851\"\/><\/figure>\n\n\n\n<h2 class=\"wp-block-heading\">Quem s\u00e3o as v\u00edtimas<\/h2>\n\n\n\n<p>As v\u00edtimas estavam em Joinville a trabalho, onde viviam em um alojamento. Elas eram naturais de Palmas e Cruz Machado, foram identificadas como:<\/p>\n\n\n\n<ul class=\"wp-block-list\">\n<li>Daniel Marcolino de Lima, 19 anos<\/li>\n\n\n\n<li>Rivair Amaral Ribeiro, 23 anos<\/li>\n\n\n\n<li>Bruno dos Santos Sales, 24 anos<\/li>\n\n\n\n<li>Ivonei Wendler dos Santos, 26 anos<\/li>\n\n\n\n<li>Jo\u00e3o M\u00e1rio do Amaral, 28 anos<\/li>\n\n\n\n<li>Marcos da Silva Machado, 30 anos<\/li>\n<\/ul>\n\n\n\n<p><\/p>\n","protected":false},"excerpt":{"rendered":"<p>Informa\u00e7\u00f5es Portal V.Vale Tr\u00eas acusados pela morte de um grupo de trabalhadores em Joinville, foram condenados nesta quarta-feira, 16, em julgamento realizado no F\u00f3rum da Comarca catarinense. As penas, somadas, ultrapassam 350 anos de pris\u00e3o. O crime ocorreu em 8 de janeiro de 2023, nos bairros Morro do Meio e Vila Nova. Recrutados por uma [&hellip;]<\/p>\n","protected":false},"author":2,"featured_media":37081,"comment_status":"open","ping_status":"open","sticky":false,"template":"","format":"standard","meta":{"footnotes":""},"categories":[2],"tags":[172],"class_list":["post-37080","post","type-post","status-publish","format-standard","has-post-thumbnail","hentry","category-policial","tag-featured"],"amp_enabled":true,"_links":{"self":[{"href":"https:\/\/radiostudiow.com.br\/site\/wp-json\/wp\/v2\/posts\/37080","targetHints":{"allow":["GET"]}}],"collection":[{"href":"https:\/\/radiostudiow.com.br\/site\/wp-json\/wp\/v2\/posts"}],"about":[{"href":"https:\/\/radiostudiow.com.br\/site\/wp-json\/wp\/v2\/types\/post"}],"author":[{"embeddable":true,"href":"https:\/\/radiostudiow.com.br\/site\/wp-json\/wp\/v2\/users\/2"}],"replies":[{"embeddable":true,"href":"https:\/\/radiostudiow.com.br\/site\/wp-json\/wp\/v2\/comments?post=37080"}],"version-history":[{"count":1,"href":"https:\/\/radiostudiow.com.br\/site\/wp-json\/wp\/v2\/posts\/37080\/revisions"}],"predecessor-version":[{"id":37082,"href":"https:\/\/radiostudiow.com.br\/site\/wp-json\/wp\/v2\/posts\/37080\/revisions\/37082"}],"wp:featuredmedia":[{"embeddable":true,"href":"https:\/\/radiostudiow.com.br\/site\/wp-json\/wp\/v2\/media\/37081"}],"wp:attachment":[{"href":"https:\/\/radiostudiow.com.br\/site\/wp-json\/wp\/v2\/media?parent=37080"}],"wp:term":[{"taxonomy":"category","embeddable":true,"href":"https:\/\/radiostudiow.com.br\/site\/wp-json\/wp\/v2\/categories?post=37080"},{"taxonomy":"post_tag","embeddable":true,"href":"https:\/\/radiostudiow.com.br\/site\/wp-json\/wp\/v2\/tags?post=37080"}],"curies":[{"name":"wp","href":"https:\/\/api.w.org\/{rel}","templated":true}]}}