{"id":37085,"date":"2025-04-19T14:59:14","date_gmt":"2025-04-19T17:59:14","guid":{"rendered":"https:\/\/radiostudiow.com.br\/site\/?p=37085"},"modified":"2025-04-19T14:59:15","modified_gmt":"2025-04-19T17:59:15","slug":"pm-prende-homem-por-porte-ilegal-de-arma-de-fogo-em-paula-freitas","status":"publish","type":"post","link":"https:\/\/radiostudiow.com.br\/site\/2025\/04\/19\/pm-prende-homem-por-porte-ilegal-de-arma-de-fogo-em-paula-freitas\/","title":{"rendered":"PM prende homem por porte ilegal de arma de fogo em Paula Freitas"},"content":{"rendered":"\n<p>Durante patrulhamento da equipe da ROTAM pela localidade da Col\u00f4nia Luzia em Paula Freitas, avistou um ve\u00edculo realizando ultrapassagens perigosas, colocando em risco a seguran\u00e7a vi\u00e1ria por volta das 21 horas dessa quinta-feira (17).<\/p>\n\n\n\n<p>Ao notar a presen\u00e7a da viatura, ocondutor acelerou bruscamente, sendo necess\u00e1rio o emparelhamento e a verbaliza\u00e7\u00e3o por parte da equipe para for\u00e7ar a parada do autom\u00f3vel.<\/p>\n\n\n\n<figure class=\"wp-block-image size-full\"><img loading=\"lazy\" decoding=\"async\" width=\"897\" height=\"204\" src=\"https:\/\/radiostudiow.com.br\/site\/wp-content\/uploads\/2025\/03\/BARAO-NOVO-NOTICIAS-1.jpg\" alt=\"\" class=\"wp-image-35084\" srcset=\"https:\/\/radiostudiow.com.br\/site\/wp-content\/uploads\/2025\/03\/BARAO-NOVO-NOTICIAS-1.jpg 897w, https:\/\/radiostudiow.com.br\/site\/wp-content\/uploads\/2025\/03\/BARAO-NOVO-NOTICIAS-1-300x68.jpg 300w, https:\/\/radiostudiow.com.br\/site\/wp-content\/uploads\/2025\/03\/BARAO-NOVO-NOTICIAS-1-768x175.jpg 768w\" sizes=\"auto, (max-width: 897px) 100vw, 897px\" \/><\/figure>\n\n\n\n<p>No interior do ve\u00edculo encontravam-se dois ocupantes, ambos demonstrando nervosismo. Durante abusca veicular, foi localizada uma espingarda calibre 36 no assoalho traseiro.<\/p>\n\n\n\n<p>Um dos ocupantesassumiu a posse da arma e foi preso em flagrante, sendo necess\u00e1rio o uso de algemas para garantir aseguran\u00e7a da equipe e do pr\u00f3prio detido. O segundo ocupante alegou ser apenas passageiro e foi conduzido como testemunha, ficando respons\u00e1vel pelo ve\u00edculo.<\/p>\n\n\n\n<p>Ambos foram encaminhados \u00e0 Delegacia de Pol\u00edcia Civil para as provid\u00eancias legais cab\u00edveis.<\/p>\n\n\n\n<p><\/p>\n","protected":false},"excerpt":{"rendered":"<p>Durante patrulhamento da equipe da ROTAM pela localidade da Col\u00f4nia Luzia em Paula Freitas, avistou um ve\u00edculo realizando ultrapassagens perigosas, colocando em risco a seguran\u00e7a vi\u00e1ria por volta das 21 horas dessa quinta-feira (17). Ao notar a presen\u00e7a da viatura, ocondutor acelerou bruscamente, sendo necess\u00e1rio o emparelhamento e a verbaliza\u00e7\u00e3o por parte da equipe para [&hellip;]<\/p>\n","protected":false},"author":2,"featured_media":37089,"comment_status":"open","ping_status":"open","sticky":false,"template":"","format":"standard","meta":{"footnotes":""},"categories":[2],"tags":[172],"class_list":["post-37085","post","type-post","status-publish","format-standard","has-post-thumbnail","hentry","category-policial","tag-featured"],"amp_enabled":true,"_links":{"self":[{"href":"https:\/\/radiostudiow.com.br\/site\/wp-json\/wp\/v2\/posts\/37085","targetHints":{"allow":["GET"]}}],"collection":[{"href":"https:\/\/radiostudiow.com.br\/site\/wp-json\/wp\/v2\/posts"}],"about":[{"href":"https:\/\/radiostudiow.com.br\/site\/wp-json\/wp\/v2\/types\/post"}],"author":[{"embeddable":true,"href":"https:\/\/radiostudiow.com.br\/site\/wp-json\/wp\/v2\/users\/2"}],"replies":[{"embeddable":true,"href":"https:\/\/radiostudiow.com.br\/site\/wp-json\/wp\/v2\/comments?post=37085"}],"version-history":[{"count":3,"href":"https:\/\/radiostudiow.com.br\/site\/wp-json\/wp\/v2\/posts\/37085\/revisions"}],"predecessor-version":[{"id":37090,"href":"https:\/\/radiostudiow.com.br\/site\/wp-json\/wp\/v2\/posts\/37085\/revisions\/37090"}],"wp:featuredmedia":[{"embeddable":true,"href":"https:\/\/radiostudiow.com.br\/site\/wp-json\/wp\/v2\/media\/37089"}],"wp:attachment":[{"href":"https:\/\/radiostudiow.com.br\/site\/wp-json\/wp\/v2\/media?parent=37085"}],"wp:term":[{"taxonomy":"category","embeddable":true,"href":"https:\/\/radiostudiow.com.br\/site\/wp-json\/wp\/v2\/categories?post=37085"},{"taxonomy":"post_tag","embeddable":true,"href":"https:\/\/radiostudiow.com.br\/site\/wp-json\/wp\/v2\/tags?post=37085"}],"curies":[{"name":"wp","href":"https:\/\/api.w.org\/{rel}","templated":true}]}}