{"id":37093,"date":"2025-04-19T15:08:57","date_gmt":"2025-04-19T18:08:57","guid":{"rendered":"https:\/\/radiostudiow.com.br\/site\/?p=37093"},"modified":"2025-04-19T15:08:58","modified_gmt":"2025-04-19T18:08:58","slug":"pm-apreende-arma-caseira-e-prende-dois-homens-na-br-476-em-uniao-da-vitoria","status":"publish","type":"post","link":"https:\/\/radiostudiow.com.br\/site\/2025\/04\/19\/pm-apreende-arma-caseira-e-prende-dois-homens-na-br-476-em-uniao-da-vitoria\/","title":{"rendered":"PM apreende arma caseira e prende dois homens na BR-476 em Uni\u00e3o da Vit\u00f3ria"},"content":{"rendered":"\n<p>A Pol\u00edcia Militar de Uni\u00e3o da Vit\u00f3ria realizava patrulhamento pela rodovia BR-476 quando identificou um ve\u00edculo suspeito com dois ocupantes durante a tarde desta sexta-feira (18).<\/p>\n\n\n\n<p>Ap\u00f3s a abordagem, foi realizada a revista pessoal nos indiv\u00edduos, mas nada de il\u00edcito foi encontrado com eles.<\/p>\n\n\n\n<figure class=\"wp-block-image size-full\"><img loading=\"lazy\" decoding=\"async\" width=\"300\" height=\"180\" src=\"https:\/\/radiostudiow.com.br\/site\/wp-content\/uploads\/2025\/01\/SITE-PEQUENO.png\" alt=\"\" class=\"wp-image-32833\"\/><\/figure>\n\n\n\n<p>No entanto, durante a inspe\u00e7\u00e3o no interior do autom\u00f3vel, os policiais localizaram uma arma de fogo de fabrica\u00e7\u00e3o caseira, calibre .32.<\/p>\n\n\n\n<p>Diante da situa\u00e7\u00e3o, foi dada voz de pris\u00e3o aos dois homens, que foram encaminhados, juntamente com o ve\u00edculo, \u00e0 4\u00aa Subdivis\u00e3o Policial (4\u00aa SDP) para os procedimentos legais.<\/p>\n","protected":false},"excerpt":{"rendered":"<p>A Pol\u00edcia Militar de Uni\u00e3o da Vit\u00f3ria realizava patrulhamento pela rodovia BR-476 quando identificou um ve\u00edculo suspeito com dois ocupantes durante a tarde desta sexta-feira (18). Ap\u00f3s a abordagem, foi realizada a revista pessoal nos indiv\u00edduos, mas nada de il\u00edcito foi encontrado com eles. No entanto, durante a inspe\u00e7\u00e3o no interior do autom\u00f3vel, os policiais [&hellip;]<\/p>\n","protected":false},"author":2,"featured_media":37097,"comment_status":"open","ping_status":"open","sticky":false,"template":"","format":"standard","meta":{"footnotes":""},"categories":[2],"tags":[172],"class_list":["post-37093","post","type-post","status-publish","format-standard","has-post-thumbnail","hentry","category-policial","tag-featured"],"amp_enabled":true,"_links":{"self":[{"href":"https:\/\/radiostudiow.com.br\/site\/wp-json\/wp\/v2\/posts\/37093","targetHints":{"allow":["GET"]}}],"collection":[{"href":"https:\/\/radiostudiow.com.br\/site\/wp-json\/wp\/v2\/posts"}],"about":[{"href":"https:\/\/radiostudiow.com.br\/site\/wp-json\/wp\/v2\/types\/post"}],"author":[{"embeddable":true,"href":"https:\/\/radiostudiow.com.br\/site\/wp-json\/wp\/v2\/users\/2"}],"replies":[{"embeddable":true,"href":"https:\/\/radiostudiow.com.br\/site\/wp-json\/wp\/v2\/comments?post=37093"}],"version-history":[{"count":2,"href":"https:\/\/radiostudiow.com.br\/site\/wp-json\/wp\/v2\/posts\/37093\/revisions"}],"predecessor-version":[{"id":37098,"href":"https:\/\/radiostudiow.com.br\/site\/wp-json\/wp\/v2\/posts\/37093\/revisions\/37098"}],"wp:featuredmedia":[{"embeddable":true,"href":"https:\/\/radiostudiow.com.br\/site\/wp-json\/wp\/v2\/media\/37097"}],"wp:attachment":[{"href":"https:\/\/radiostudiow.com.br\/site\/wp-json\/wp\/v2\/media?parent=37093"}],"wp:term":[{"taxonomy":"category","embeddable":true,"href":"https:\/\/radiostudiow.com.br\/site\/wp-json\/wp\/v2\/categories?post=37093"},{"taxonomy":"post_tag","embeddable":true,"href":"https:\/\/radiostudiow.com.br\/site\/wp-json\/wp\/v2\/tags?post=37093"}],"curies":[{"name":"wp","href":"https:\/\/api.w.org\/{rel}","templated":true}]}}