{"id":37102,"date":"2025-04-19T15:11:24","date_gmt":"2025-04-19T18:11:24","guid":{"rendered":"https:\/\/radiostudiow.com.br\/site\/?p=37102"},"modified":"2025-04-19T15:13:48","modified_gmt":"2025-04-19T18:13:48","slug":"homem-morre-apos-acidente-no-silo-no-interior-de-ipiranga","status":"publish","type":"post","link":"https:\/\/radiostudiow.com.br\/site\/2025\/04\/19\/homem-morre-apos-acidente-no-silo-no-interior-de-ipiranga\/","title":{"rendered":"Homem morre ap\u00f3s acidente no silo no interior de Ipiranga"},"content":{"rendered":"\n<p class=\"has-text-align-center\"><em>Fonte Rep\u00f3rter Kiko de Oliveira<\/em><\/p>\n\n\n\n<p>Amarildo do Carmo Almeida de 31 anos, morreu, em acidente de trabalho que realizava a pintura na parte interna do silo e veio a \u00f3bito.<\/p>\n\n\n\n<p>A equipe PM foi acionada para atendimento de local de morte onde um homem de 31 anos, foi encontrado sem vida dentro de um silo de ra\u00e7\u00e3o animal de uma granja na noite de ontem 17\/04, por volta das 19h30 na localidade de Santana na \u00e1rea rural de Ipiranga.<\/p>\n\n\n\n<figure class=\"wp-block-image size-full\"><img loading=\"lazy\" decoding=\"async\" width=\"897\" height=\"204\" src=\"https:\/\/radiostudiow.com.br\/site\/wp-content\/uploads\/2025\/03\/SITE-GRANDE5.png\" alt=\"\" class=\"wp-image-35420\" srcset=\"https:\/\/radiostudiow.com.br\/site\/wp-content\/uploads\/2025\/03\/SITE-GRANDE5.png 897w, https:\/\/radiostudiow.com.br\/site\/wp-content\/uploads\/2025\/03\/SITE-GRANDE5-300x68.png 300w, https:\/\/radiostudiow.com.br\/site\/wp-content\/uploads\/2025\/03\/SITE-GRANDE5-768x175.png 768w\" sizes=\"auto, (max-width: 897px) 100vw, 897px\" \/><\/figure>\n\n\n\n<p>Chegando no local a equipe do SAMU j\u00e1 estava prestando atendimento e verificou que realmente o homem j\u00e1 estava sem sinais vitais. O Corpo de Bombeiros foi acionado para retirar o corpo que estava dentro do silo.<\/p>\n\n\n\n<p>Ap\u00f3s a retirada do corpo foi constatado tratar-se de um acidente de trabalho que fez com que o homem que realizava a pintura na parte interna do silo viesse a \u00f3bito, na sequ\u00eancia as equipes da Pol\u00edcia Cient\u00edfica, Pol\u00edcia Civil e Instituto m\u00e9dico legal estiveram no local para trabalhos de per\u00edcia e investiga\u00e7\u00e3o da poss\u00edvel causa de morte.<\/p>\n\n\n\n<p>O corpo foi encaminhado at\u00e9 o Instituto m\u00e9dico legal de Ponta Grossa para aut\u00f3psia e posteriormente ser\u00e1 liberado para a fam\u00edlia.<\/p>\n\n\n\n<figure class=\"wp-block-image size-full\"><img loading=\"lazy\" decoding=\"async\" width=\"900\" height=\"408\" src=\"https:\/\/radiostudiow.com.br\/site\/wp-content\/uploads\/2025\/03\/SITE-E-TV-1.png\" alt=\"\" class=\"wp-image-35744\" srcset=\"https:\/\/radiostudiow.com.br\/site\/wp-content\/uploads\/2025\/03\/SITE-E-TV-1.png 900w, https:\/\/radiostudiow.com.br\/site\/wp-content\/uploads\/2025\/03\/SITE-E-TV-1-300x136.png 300w, https:\/\/radiostudiow.com.br\/site\/wp-content\/uploads\/2025\/03\/SITE-E-TV-1-768x348.png 768w\" sizes=\"auto, (max-width: 900px) 100vw, 900px\" \/><\/figure>\n\n\n\n<p>Nota de Falecimento-\u00c9 com grande pesar, que a FUNER\u00c1RIA IMBITUVENSE e o PLANO FAMILIAR IMBPAS, comunicam o falecimento ocorrido ontem, dia 17\/04\/2025 do Sr. AMARILDO DO CARMO ALMEIDA aos 31 anos. residia em Ipiranga.<\/p>\n\n\n\n<p>Seu corpo ser\u00e1 velado na capela municipal de Ipiranga, e seu sepultamento ser\u00e1 amanh\u00e3 dia 19\/04\/2025 as 10:00h no Cemit\u00e9rio Municipal de Ipiranga.<\/p>\n\n\n\n<p>AOS FAMILIARES E AMIGOS, OS NOSSOS SENTIMENTOS<\/p>\n\n\n\n<p>Informa\u00e7\u00f5es 8\u00b0CIPM\/Funer\u00e1ria Imbituvense<br>Imagem Funer\u00e1ria Imbituvense<\/p>\n","protected":false},"excerpt":{"rendered":"<p>Fonte Rep\u00f3rter Kiko de Oliveira Amarildo do Carmo Almeida de 31 anos, morreu, em acidente de trabalho que realizava a pintura na parte interna do silo e veio a \u00f3bito. A equipe PM foi acionada para atendimento de local de morte onde um homem de 31 anos, foi encontrado sem vida dentro de um silo [&hellip;]<\/p>\n","protected":false},"author":2,"featured_media":37103,"comment_status":"open","ping_status":"open","sticky":false,"template":"","format":"standard","meta":{"footnotes":""},"categories":[185],"tags":[172],"class_list":["post-37102","post","type-post","status-publish","format-standard","has-post-thumbnail","hentry","category-regional","tag-featured"],"amp_enabled":true,"_links":{"self":[{"href":"https:\/\/radiostudiow.com.br\/site\/wp-json\/wp\/v2\/posts\/37102","targetHints":{"allow":["GET"]}}],"collection":[{"href":"https:\/\/radiostudiow.com.br\/site\/wp-json\/wp\/v2\/posts"}],"about":[{"href":"https:\/\/radiostudiow.com.br\/site\/wp-json\/wp\/v2\/types\/post"}],"author":[{"embeddable":true,"href":"https:\/\/radiostudiow.com.br\/site\/wp-json\/wp\/v2\/users\/2"}],"replies":[{"embeddable":true,"href":"https:\/\/radiostudiow.com.br\/site\/wp-json\/wp\/v2\/comments?post=37102"}],"version-history":[{"count":2,"href":"https:\/\/radiostudiow.com.br\/site\/wp-json\/wp\/v2\/posts\/37102\/revisions"}],"predecessor-version":[{"id":37106,"href":"https:\/\/radiostudiow.com.br\/site\/wp-json\/wp\/v2\/posts\/37102\/revisions\/37106"}],"wp:featuredmedia":[{"embeddable":true,"href":"https:\/\/radiostudiow.com.br\/site\/wp-json\/wp\/v2\/media\/37103"}],"wp:attachment":[{"href":"https:\/\/radiostudiow.com.br\/site\/wp-json\/wp\/v2\/media?parent=37102"}],"wp:term":[{"taxonomy":"category","embeddable":true,"href":"https:\/\/radiostudiow.com.br\/site\/wp-json\/wp\/v2\/categories?post=37102"},{"taxonomy":"post_tag","embeddable":true,"href":"https:\/\/radiostudiow.com.br\/site\/wp-json\/wp\/v2\/tags?post=37102"}],"curies":[{"name":"wp","href":"https:\/\/api.w.org\/{rel}","templated":true}]}}