{"id":37108,"date":"2025-04-19T17:08:33","date_gmt":"2025-04-19T20:08:33","guid":{"rendered":"https:\/\/radiostudiow.com.br\/site\/?p=37108"},"modified":"2025-04-19T17:14:03","modified_gmt":"2025-04-19T20:14:03","slug":"tradicao-e-solidariedade-marcam-a-bencao-dos-alimentos-de-ucranianos-e-poloneses-em-mallet","status":"publish","type":"post","link":"https:\/\/radiostudiow.com.br\/site\/2025\/04\/19\/tradicao-e-solidariedade-marcam-a-bencao-dos-alimentos-de-ucranianos-e-poloneses-em-mallet\/","title":{"rendered":"Tradi\u00e7\u00e3o e solidariedade marcam a B\u00ean\u00e7\u00e3o dos Alimentos de ucranianos e poloneses em Mallet"},"content":{"rendered":"\n<p><\/p>\n\n\n\n<figure class=\"wp-block-image size-full\"><img loading=\"lazy\" decoding=\"async\" width=\"897\" height=\"204\" src=\"https:\/\/radiostudiow.com.br\/site\/wp-content\/uploads\/2025\/03\/image-62.png\" alt=\"\" class=\"wp-image-35859\" srcset=\"https:\/\/radiostudiow.com.br\/site\/wp-content\/uploads\/2025\/03\/image-62.png 897w, https:\/\/radiostudiow.com.br\/site\/wp-content\/uploads\/2025\/03\/image-62-300x68.png 300w, https:\/\/radiostudiow.com.br\/site\/wp-content\/uploads\/2025\/03\/image-62-768x175.png 768w\" sizes=\"auto, (max-width: 897px) 100vw, 897px\" \/><\/figure>\n\n\n\n<p><\/p>\n\n\n\n<p><strong>Por Reda\u00e7\u00e3o da Studio W<\/strong><\/p>\n\n\n\n<p>Neste s\u00e1bado dia 19 de abril, a tradi\u00e7\u00e3o da B\u00ean\u00e7\u00e3o dos Alimentos reuniu centenas de fi\u00e9is das comunidades ucraniana e polonesa em um gesto que uniu f\u00e9, cultura e solidariedade.<\/p>\n\n\n\n<p>Realizada em diversas igrejas e comunidades do munic\u00edpio, a celebra\u00e7\u00e3o crist\u00e3 antecede o domingo de P\u00e1scoa e tem como destaque a prepara\u00e7\u00e3o das tradicionais cestas repletas de alimentos que ser\u00e3o consumidos no caf\u00e9 da manh\u00e3 pascal.<\/p>\n\n\n\n<p>A cerim\u00f4nia \u00e9 uma heran\u00e7a cultural profundamente enraizada entre os ucranianos e poloneses, que preservam com zelo cada detalhe da celebra\u00e7\u00e3o.<\/p>\n\n\n\n<p>As fam\u00edlias preparam suas cestas com alimentos simb\u00f3licos como a <strong>paska<\/strong> (p\u00e3o pascal), <strong>ovos cozidos<\/strong>, <strong>hrin<\/strong> (raiz-forte), <strong>sal<\/strong>, <strong>manteiga<\/strong>, <strong>lingui\u00e7a <\/strong>e outros itens t\u00edpicos, cuidadosamente forrados e cobertos com toalhas bordadas \u00e0 m\u00e3o \u2014 um verdadeiro retrato da devo\u00e7\u00e3o e identidade desses povos.<\/p>\n\n\n\n<p>Na <strong>Par\u00f3quia Ucraniana Cat\u00f3lica do Sagrado Cora\u00e7\u00e3o de Jesus<\/strong>, a b\u00ean\u00e7\u00e3o ocorreu \u00e0s 13h, com uma nova celebra\u00e7\u00e3o prevista para as 19h, ap\u00f3s a Divina Liturgia da Ressurrei\u00e7\u00e3o.<\/p>\n\n\n\n<p>J\u00e1 na <strong>Igreja Matriz S\u00e3o Pedro<\/strong>, que acolhe a comunidade polonesa, as b\u00ean\u00e7\u00e3os aconteceram \u00e0s 11h e 16h30.<\/p>\n\n\n\n<p>A tradi\u00e7\u00e3o tamb\u00e9m se estendeu ao interior do munic\u00edpio, com celebra\u00e7\u00f5es em resid\u00eancias e capelas das comunidades rurais, demonstrando a for\u00e7a e a abrang\u00eancia deste costume ancestral.<\/p>\n\n\n\n<p><\/p>\n\n\n\n<figure class=\"wp-block-image size-full\"><img loading=\"lazy\" decoding=\"async\" width=\"897\" height=\"204\" src=\"https:\/\/radiostudiow.com.br\/site\/wp-content\/uploads\/2025\/03\/SITE-GRANDE5.png\" alt=\"\" class=\"wp-image-35420\" srcset=\"https:\/\/radiostudiow.com.br\/site\/wp-content\/uploads\/2025\/03\/SITE-GRANDE5.png 897w, https:\/\/radiostudiow.com.br\/site\/wp-content\/uploads\/2025\/03\/SITE-GRANDE5-300x68.png 300w, https:\/\/radiostudiow.com.br\/site\/wp-content\/uploads\/2025\/03\/SITE-GRANDE5-768x175.png 768w\" sizes=\"auto, (max-width: 897px) 100vw, 897px\" \/><\/figure>\n\n\n\n<p><\/p>\n\n\n\n<figure class=\"wp-block-image size-large\"><img loading=\"lazy\" decoding=\"async\" width=\"1024\" height=\"575\" src=\"https:\/\/radiostudiow.com.br\/site\/wp-content\/uploads\/2025\/04\/440d61e9-ac42-4c80-834b-59c70b07964d-1024x575.jpg\" alt=\"\" class=\"wp-image-37109\" srcset=\"https:\/\/radiostudiow.com.br\/site\/wp-content\/uploads\/2025\/04\/440d61e9-ac42-4c80-834b-59c70b07964d-1024x575.jpg 1024w, https:\/\/radiostudiow.com.br\/site\/wp-content\/uploads\/2025\/04\/440d61e9-ac42-4c80-834b-59c70b07964d-300x169.jpg 300w, https:\/\/radiostudiow.com.br\/site\/wp-content\/uploads\/2025\/04\/440d61e9-ac42-4c80-834b-59c70b07964d-768x432.jpg 768w, https:\/\/radiostudiow.com.br\/site\/wp-content\/uploads\/2025\/04\/440d61e9-ac42-4c80-834b-59c70b07964d-1536x863.jpg 1536w, https:\/\/radiostudiow.com.br\/site\/wp-content\/uploads\/2025\/04\/440d61e9-ac42-4c80-834b-59c70b07964d.jpg 1600w\" sizes=\"auto, (max-width: 1024px) 100vw, 1024px\" \/><\/figure>\n\n\n\n<p><\/p>\n\n\n\n<figure class=\"wp-block-image size-full\"><img loading=\"lazy\" decoding=\"async\" width=\"897\" height=\"204\" src=\"https:\/\/radiostudiow.com.br\/site\/wp-content\/uploads\/2025\/03\/BARAO-NOVO-NOTICIAS-1.jpg\" alt=\"\" class=\"wp-image-35084\" srcset=\"https:\/\/radiostudiow.com.br\/site\/wp-content\/uploads\/2025\/03\/BARAO-NOVO-NOTICIAS-1.jpg 897w, https:\/\/radiostudiow.com.br\/site\/wp-content\/uploads\/2025\/03\/BARAO-NOVO-NOTICIAS-1-300x68.jpg 300w, https:\/\/radiostudiow.com.br\/site\/wp-content\/uploads\/2025\/03\/BARAO-NOVO-NOTICIAS-1-768x175.jpg 768w\" sizes=\"auto, (max-width: 897px) 100vw, 897px\" \/><\/figure>\n\n\n\n<blockquote class=\"wp-block-quote is-layout-flow wp-block-quote-is-layout-flow\">\n<p><strong>A f\u00e9 que alimenta<\/strong><\/p>\n<\/blockquote>\n\n\n\n<p>Neste ano, a b\u00ean\u00e7\u00e3o das 13h na Par\u00f3quia do Sagrado Cora\u00e7\u00e3o de Jesus ganhou um significado ainda mais especial.<\/p>\n\n\n\n<p>As fam\u00edlias participantes foram convidadas a doar alimentos ao final da celebra\u00e7\u00e3o. O resultado? Um gesto de amor ao pr\u00f3ximo que tocou cora\u00e7\u00f5es.<\/p>\n\n\n\n<p>De acordo com <strong>Tiago Oszust<\/strong>, presidente da comiss\u00e3o paroquial, foram aben\u00e7oadas <strong>607 cestas<\/strong> e, com as doa\u00e7\u00f5es recebidas, foi poss\u00edvel montar <strong>15 cestas completas<\/strong>, destinadas a <strong>15 fam\u00edlias carentes<\/strong> da comunidade.<strong> \u201cEssas fam\u00edlias agora ter\u00e3o a oportunidade de viver um caf\u00e9 de P\u00e1scoa digno e aben\u00e7oado. \u00c9 uma alegria ver nossa tradi\u00e7\u00e3o se transformando em um gesto concreto de solidariedade\u201d<\/strong>, destacou Tiago.<\/p>\n\n\n\n<p>Mais do que um ritual religioso, a B\u00ean\u00e7\u00e3o dos Alimentos se mostrou, mais uma vez, uma manifesta\u00e7\u00e3o de f\u00e9 viva, que une gera\u00e7\u00f5es e refor\u00e7a os la\u00e7os comunit\u00e1rios.<\/p>\n\n\n\n<p>&nbsp;Uma tradi\u00e7\u00e3o que alimenta o corpo e, principalmente, a alma.<\/p>\n\n\n\n<p><\/p>\n\n\n\n<figure class=\"wp-block-image size-full\"><img loading=\"lazy\" decoding=\"async\" width=\"897\" height=\"204\" src=\"https:\/\/radiostudiow.com.br\/site\/wp-content\/uploads\/2025\/02\/SITE-GRANDE7.png\" alt=\"\" class=\"wp-image-33861\" srcset=\"https:\/\/radiostudiow.com.br\/site\/wp-content\/uploads\/2025\/02\/SITE-GRANDE7.png 897w, https:\/\/radiostudiow.com.br\/site\/wp-content\/uploads\/2025\/02\/SITE-GRANDE7-300x68.png 300w, https:\/\/radiostudiow.com.br\/site\/wp-content\/uploads\/2025\/02\/SITE-GRANDE7-768x175.png 768w\" sizes=\"auto, (max-width: 897px) 100vw, 897px\" \/><\/figure>\n\n\n\n<p><\/p>\n\n\n\n<figure class=\"wp-block-image size-large\"><img loading=\"lazy\" decoding=\"async\" width=\"1024\" height=\"770\" src=\"https:\/\/radiostudiow.com.br\/site\/wp-content\/uploads\/2025\/04\/52452a76-f23d-4522-874b-0903bf649878-1024x770.jpg\" alt=\"\" class=\"wp-image-37110\" srcset=\"https:\/\/radiostudiow.com.br\/site\/wp-content\/uploads\/2025\/04\/52452a76-f23d-4522-874b-0903bf649878-1024x770.jpg 1024w, https:\/\/radiostudiow.com.br\/site\/wp-content\/uploads\/2025\/04\/52452a76-f23d-4522-874b-0903bf649878-300x226.jpg 300w, https:\/\/radiostudiow.com.br\/site\/wp-content\/uploads\/2025\/04\/52452a76-f23d-4522-874b-0903bf649878-768x578.jpg 768w, https:\/\/radiostudiow.com.br\/site\/wp-content\/uploads\/2025\/04\/52452a76-f23d-4522-874b-0903bf649878.jpg 1429w\" sizes=\"auto, (max-width: 1024px) 100vw, 1024px\" \/><\/figure>\n\n\n\n<p><\/p>\n\n\n\n<blockquote class=\"wp-block-quote is-layout-flow wp-block-quote-is-layout-flow\">\n<p>&nbsp;Voc\u00ea p\u00f4de assistir a essa celebra\u00e7\u00e3o AO VIVO pela sua STUDIO W TV participando desse momento de tradi\u00e7\u00e3o \u00fanica que a nossa cidade vive.<\/p>\n<\/blockquote>\n","protected":false},"excerpt":{"rendered":"<p>Por Reda\u00e7\u00e3o da Studio W Neste s\u00e1bado dia 19 de abril, a tradi\u00e7\u00e3o da B\u00ean\u00e7\u00e3o dos Alimentos reuniu centenas de fi\u00e9is das comunidades ucraniana e polonesa em um gesto que uniu f\u00e9, cultura e solidariedade. Realizada em diversas igrejas e comunidades do munic\u00edpio, a celebra\u00e7\u00e3o crist\u00e3 antecede o domingo de P\u00e1scoa e tem como destaque [&hellip;]<\/p>\n","protected":false},"author":2,"featured_media":37111,"comment_status":"open","ping_status":"open","sticky":false,"template":"","format":"standard","meta":{"footnotes":""},"categories":[184],"tags":[172],"class_list":["post-37108","post","type-post","status-publish","format-standard","has-post-thumbnail","hentry","category-local","tag-featured"],"amp_enabled":true,"_links":{"self":[{"href":"https:\/\/radiostudiow.com.br\/site\/wp-json\/wp\/v2\/posts\/37108","targetHints":{"allow":["GET"]}}],"collection":[{"href":"https:\/\/radiostudiow.com.br\/site\/wp-json\/wp\/v2\/posts"}],"about":[{"href":"https:\/\/radiostudiow.com.br\/site\/wp-json\/wp\/v2\/types\/post"}],"author":[{"embeddable":true,"href":"https:\/\/radiostudiow.com.br\/site\/wp-json\/wp\/v2\/users\/2"}],"replies":[{"embeddable":true,"href":"https:\/\/radiostudiow.com.br\/site\/wp-json\/wp\/v2\/comments?post=37108"}],"version-history":[{"count":2,"href":"https:\/\/radiostudiow.com.br\/site\/wp-json\/wp\/v2\/posts\/37108\/revisions"}],"predecessor-version":[{"id":37113,"href":"https:\/\/radiostudiow.com.br\/site\/wp-json\/wp\/v2\/posts\/37108\/revisions\/37113"}],"wp:featuredmedia":[{"embeddable":true,"href":"https:\/\/radiostudiow.com.br\/site\/wp-json\/wp\/v2\/media\/37111"}],"wp:attachment":[{"href":"https:\/\/radiostudiow.com.br\/site\/wp-json\/wp\/v2\/media?parent=37108"}],"wp:term":[{"taxonomy":"category","embeddable":true,"href":"https:\/\/radiostudiow.com.br\/site\/wp-json\/wp\/v2\/categories?post=37108"},{"taxonomy":"post_tag","embeddable":true,"href":"https:\/\/radiostudiow.com.br\/site\/wp-json\/wp\/v2\/tags?post=37108"}],"curies":[{"name":"wp","href":"https:\/\/api.w.org\/{rel}","templated":true}]}}