{"id":37114,"date":"2025-04-21T09:26:22","date_gmt":"2025-04-21T12:26:22","guid":{"rendered":"https:\/\/radiostudiow.com.br\/site\/?p=37114"},"modified":"2025-04-21T09:26:22","modified_gmt":"2025-04-21T12:26:22","slug":"morre-jorge-mario-bergoglio-o-papa-francisco-aos-88-anos-em-roma","status":"publish","type":"post","link":"https:\/\/radiostudiow.com.br\/site\/2025\/04\/21\/morre-jorge-mario-bergoglio-o-papa-francisco-aos-88-anos-em-roma\/","title":{"rendered":"MORRE JORGE MARIO BERGOGLIO, O PAPA FRANCISCO AOS 88 ANOS EM ROMA"},"content":{"rendered":"\n<p><\/p>\n\n\n\n<figure class=\"wp-block-image size-full\"><img loading=\"lazy\" decoding=\"async\" width=\"897\" height=\"204\" src=\"https:\/\/radiostudiow.com.br\/site\/wp-content\/uploads\/2025\/03\/SITE-GRANDE5.png\" alt=\"\" class=\"wp-image-35420\" srcset=\"https:\/\/radiostudiow.com.br\/site\/wp-content\/uploads\/2025\/03\/SITE-GRANDE5.png 897w, https:\/\/radiostudiow.com.br\/site\/wp-content\/uploads\/2025\/03\/SITE-GRANDE5-300x68.png 300w, https:\/\/radiostudiow.com.br\/site\/wp-content\/uploads\/2025\/03\/SITE-GRANDE5-768x175.png 768w\" sizes=\"auto, (max-width: 897px) 100vw, 897px\" \/><\/figure>\n\n\n\n<p><\/p>\n\n\n\n<h2 class=\"wp-block-heading\"><a><\/a>Primeiro pont\u00edfice latino-americano, Francisco liderou a Igreja Cat\u00f3lica por quase 12 anos e deixa legado marcado por di\u00e1logo, simplicidade e aten\u00e7\u00e3o aos marginalizados<\/h2>\n\n\n\n<p><\/p>\n\n\n\n<p>O papa Francisco morreu nesta segunda-feira (21), aos 88 anos, \u00e0s 2h35 pelo hor\u00e1rio de Bras\u00edlia (7h35 no hor\u00e1rio local), no Vaticano. <\/p>\n\n\n\n<p>A informa\u00e7\u00e3o foi confirmada pelo Cardeal Kevin Farrell, Carmelengo da Igreja, em comunicado oficial. Francisco se recuperava de uma pneumonia nos dois pulm\u00f5es, condi\u00e7\u00e3o que o manteve internado por cerca de 40 dias.<\/p>\n\n\n\n<p> Ele havia recebido alta h\u00e1 um m\u00eas e seguia sob cuidados m\u00e9dicos. A causa da morte n\u00e3o foi informada.<\/p>\n\n\n\n<p>Francisco, nascido Jorge Mario Bergoglio, foi o 266\u00ba papa da hist\u00f3ria da Igreja Cat\u00f3lica e o primeiro latino-americano a assumir o posto. Ele liderava a Igreja desde 13 de mar\u00e7o de 2013, quando foi eleito durante o segundo dia do conclave que definiu o sucessor de Bento XVI. <\/p>\n\n\n\n<p>Em diversas ocasi\u00f5es, Bergoglio afirmou que n\u00e3o desejava ser escolhido, mas aceitou a miss\u00e3o como um chamado divino.<\/p>\n\n\n\n<figure class=\"wp-block-image size-full\"><img loading=\"lazy\" decoding=\"async\" width=\"897\" height=\"204\" src=\"https:\/\/radiostudiow.com.br\/site\/wp-content\/uploads\/2025\/03\/image-62.png\" alt=\"\" class=\"wp-image-35859\" srcset=\"https:\/\/radiostudiow.com.br\/site\/wp-content\/uploads\/2025\/03\/image-62.png 897w, https:\/\/radiostudiow.com.br\/site\/wp-content\/uploads\/2025\/03\/image-62-300x68.png 300w, https:\/\/radiostudiow.com.br\/site\/wp-content\/uploads\/2025\/03\/image-62-768x175.png 768w\" sizes=\"auto, (max-width: 897px) 100vw, 897px\" \/><\/figure>\n\n\n\n<p><\/p>\n\n\n\n<p>Em nota oficial, o Vaticano expressou pesar pela morte do pont\u00edfice:<\/p>\n\n\n\n<p>&#8220;Queridos irm\u00e3os e irm\u00e3s, \u00e9 com profunda tristeza que devo anunciar a morte de nosso Santo Padre Francisco. \u00c0s 7h35 desta manh\u00e3, o bispo de Roma, Francisco, voltou para a casa do Pai. Toda a sua vida foi dedicada ao servi\u00e7o do Senhor e de sua Igreja. Ele nos ensinou a viver os valores do evangelho com fidelidade, coragem e amor universal, especialmente em favor dos mais pobres e marginalizados. Com imensa gratid\u00e3o por seu exemplo de verdadeiro disc\u00edpulo do Senhor Jesus, encomendamos a alma do Papa Francisco ao infinito amor misericordioso do Deus Uno e Trino&#8221;, declarou o Cardeal Farrell.<\/p>\n\n\n\n<p><\/p>\n\n\n\n<figure class=\"wp-block-image size-full\"><img loading=\"lazy\" decoding=\"async\" width=\"626\" height=\"420\" src=\"https:\/\/radiostudiow.com.br\/site\/wp-content\/uploads\/2025\/04\/carmelengo.jpg\" alt=\"\" class=\"wp-image-37115\" srcset=\"https:\/\/radiostudiow.com.br\/site\/wp-content\/uploads\/2025\/04\/carmelengo.jpg 626w, https:\/\/radiostudiow.com.br\/site\/wp-content\/uploads\/2025\/04\/carmelengo-300x201.jpg 300w\" sizes=\"auto, (max-width: 626px) 100vw, 626px\" \/><\/figure>\n\n\n\n<p><\/p>\n\n\n\n<figure class=\"wp-block-image size-full\"><img loading=\"lazy\" decoding=\"async\" width=\"897\" height=\"204\" src=\"https:\/\/radiostudiow.com.br\/site\/wp-content\/uploads\/2025\/02\/SITE-GRANDE7.png\" alt=\"\" class=\"wp-image-33861\" srcset=\"https:\/\/radiostudiow.com.br\/site\/wp-content\/uploads\/2025\/02\/SITE-GRANDE7.png 897w, https:\/\/radiostudiow.com.br\/site\/wp-content\/uploads\/2025\/02\/SITE-GRANDE7-300x68.png 300w, https:\/\/radiostudiow.com.br\/site\/wp-content\/uploads\/2025\/02\/SITE-GRANDE7-768x175.png 768w\" sizes=\"auto, (max-width: 897px) 100vw, 897px\" \/><\/figure>\n\n\n\n<p><\/p>\n\n\n\n<p>Apesar do estado de sa\u00fade fr\u00e1gil, Francisco apareceu em p\u00fablico neste domingo (20), durante as celebra\u00e7\u00f5es da P\u00e1scoa, e chegou a aben\u00e7oar milhares de fi\u00e9is reunidos na Pra\u00e7a de S\u00e3o Pedro, em Roma.<\/p>\n\n\n\n<figure class=\"wp-block-image size-full\"><img loading=\"lazy\" decoding=\"async\" width=\"819\" height=\"534\" src=\"https:\/\/radiostudiow.com.br\/site\/wp-content\/uploads\/2025\/04\/apa.jpg\" alt=\"\" class=\"wp-image-37116\" srcset=\"https:\/\/radiostudiow.com.br\/site\/wp-content\/uploads\/2025\/04\/apa.jpg 819w, https:\/\/radiostudiow.com.br\/site\/wp-content\/uploads\/2025\/04\/apa-300x196.jpg 300w, https:\/\/radiostudiow.com.br\/site\/wp-content\/uploads\/2025\/04\/apa-768x501.jpg 768w\" sizes=\"auto, (max-width: 819px) 100vw, 819px\" \/><\/figure>\n\n\n\n<p><\/p>\n\n\n\n<p>Ao longo de quase 12 anos de pontificado, Francisco ficou conhecido por sua postura humilde, pela \u00eanfase no di\u00e1logo inter-religioso e pela defesa dos direitos dos mais pobres e exclu\u00eddos. Sua morte marca o fim de uma era de profundas transforma\u00e7\u00f5es e abre caminho para um novo momento na Igreja Cat\u00f3lica.<\/p>\n\n\n\n<figure class=\"wp-block-image size-full\"><img loading=\"lazy\" decoding=\"async\" width=\"897\" height=\"204\" src=\"https:\/\/radiostudiow.com.br\/site\/wp-content\/uploads\/2025\/03\/BARAO-NOVO-NOTICIAS-1.jpg\" alt=\"\" class=\"wp-image-35084\" srcset=\"https:\/\/radiostudiow.com.br\/site\/wp-content\/uploads\/2025\/03\/BARAO-NOVO-NOTICIAS-1.jpg 897w, https:\/\/radiostudiow.com.br\/site\/wp-content\/uploads\/2025\/03\/BARAO-NOVO-NOTICIAS-1-300x68.jpg 300w, https:\/\/radiostudiow.com.br\/site\/wp-content\/uploads\/2025\/03\/BARAO-NOVO-NOTICIAS-1-768x175.jpg 768w\" sizes=\"auto, (max-width: 897px) 100vw, 897px\" \/><\/figure>\n\n\n\n<p><\/p>\n\n\n\n<p><\/p>\n\n\n\n<p>FONTE: G1<\/p>\n","protected":false},"excerpt":{"rendered":"<p>Primeiro pont\u00edfice latino-americano, Francisco liderou a Igreja Cat\u00f3lica por quase 12 anos e deixa legado marcado por di\u00e1logo, simplicidade e aten\u00e7\u00e3o aos marginalizados O papa Francisco morreu nesta segunda-feira (21), aos 88 anos, \u00e0s 2h35 pelo hor\u00e1rio de Bras\u00edlia (7h35 no hor\u00e1rio local), no Vaticano. A informa\u00e7\u00e3o foi confirmada pelo Cardeal Kevin Farrell, Carmelengo da [&hellip;]<\/p>\n","protected":false},"author":2,"featured_media":37117,"comment_status":"open","ping_status":"open","sticky":false,"template":"","format":"standard","meta":{"footnotes":""},"categories":[7],"tags":[172],"class_list":["post-37114","post","type-post","status-publish","format-standard","has-post-thumbnail","hentry","category-geral","tag-featured"],"amp_enabled":true,"_links":{"self":[{"href":"https:\/\/radiostudiow.com.br\/site\/wp-json\/wp\/v2\/posts\/37114","targetHints":{"allow":["GET"]}}],"collection":[{"href":"https:\/\/radiostudiow.com.br\/site\/wp-json\/wp\/v2\/posts"}],"about":[{"href":"https:\/\/radiostudiow.com.br\/site\/wp-json\/wp\/v2\/types\/post"}],"author":[{"embeddable":true,"href":"https:\/\/radiostudiow.com.br\/site\/wp-json\/wp\/v2\/users\/2"}],"replies":[{"embeddable":true,"href":"https:\/\/radiostudiow.com.br\/site\/wp-json\/wp\/v2\/comments?post=37114"}],"version-history":[{"count":1,"href":"https:\/\/radiostudiow.com.br\/site\/wp-json\/wp\/v2\/posts\/37114\/revisions"}],"predecessor-version":[{"id":37118,"href":"https:\/\/radiostudiow.com.br\/site\/wp-json\/wp\/v2\/posts\/37114\/revisions\/37118"}],"wp:featuredmedia":[{"embeddable":true,"href":"https:\/\/radiostudiow.com.br\/site\/wp-json\/wp\/v2\/media\/37117"}],"wp:attachment":[{"href":"https:\/\/radiostudiow.com.br\/site\/wp-json\/wp\/v2\/media?parent=37114"}],"wp:term":[{"taxonomy":"category","embeddable":true,"href":"https:\/\/radiostudiow.com.br\/site\/wp-json\/wp\/v2\/categories?post=37114"},{"taxonomy":"post_tag","embeddable":true,"href":"https:\/\/radiostudiow.com.br\/site\/wp-json\/wp\/v2\/tags?post=37114"}],"curies":[{"name":"wp","href":"https:\/\/api.w.org\/{rel}","templated":true}]}}