{"id":37119,"date":"2025-04-21T11:03:42","date_gmt":"2025-04-21T14:03:42","guid":{"rendered":"https:\/\/radiostudiow.com.br\/site\/?p=37119"},"modified":"2025-04-21T11:03:42","modified_gmt":"2025-04-21T14:03:42","slug":"acidente-entre-carro-e-caminhao-deixa-um-ferido-na-br-153-em-reboucas","status":"publish","type":"post","link":"https:\/\/radiostudiow.com.br\/site\/2025\/04\/21\/acidente-entre-carro-e-caminhao-deixa-um-ferido-na-br-153-em-reboucas\/","title":{"rendered":"Acidente entre carro e caminh\u00e3o deixa um ferido na BR-153, em Rebou\u00e7as"},"content":{"rendered":"\n<p><\/p>\n\n\n\n<figure class=\"wp-block-image size-full\"><img loading=\"lazy\" decoding=\"async\" width=\"897\" height=\"204\" src=\"https:\/\/radiostudiow.com.br\/site\/wp-content\/uploads\/2024\/01\/SITE-GRANDE3.png\" alt=\"zaions\" class=\"wp-image-18936\" srcset=\"https:\/\/radiostudiow.com.br\/site\/wp-content\/uploads\/2024\/01\/SITE-GRANDE3.png 897w, https:\/\/radiostudiow.com.br\/site\/wp-content\/uploads\/2024\/01\/SITE-GRANDE3-300x68.png 300w, https:\/\/radiostudiow.com.br\/site\/wp-content\/uploads\/2024\/01\/SITE-GRANDE3-768x175.png 768w\" sizes=\"auto, (max-width: 897px) 100vw, 897px\" \/><\/figure>\n\n\n\n<p><\/p>\n\n\n\n<h2 class=\"wp-block-heading\"><strong>Colis\u00e3o transversal seguida de sa\u00edda de pista ocorreu na tarde de domingo (20); idoso de 74 anos teve ferimentos leves<\/strong><\/h2>\n\n\n\n<p><\/p>\n\n\n\n<p>Um acidente envolvendo um autom\u00f3vel Renault Captur, com placas de Balne\u00e1rio Cambori\u00fa (SC), e um caminh\u00e3o Ford F4000, com placas de Rebou\u00e7as (PR), foi registrado na tarde deste domingo (20), por volta das 15h, no km 349 da BR-153, no munic\u00edpio de Rebou\u00e7as.<\/p>\n\n\n\n<p><\/p>\n\n\n\n<figure class=\"wp-block-image size-large\"><img loading=\"lazy\" decoding=\"async\" width=\"576\" height=\"1024\" src=\"https:\/\/radiostudiow.com.br\/site\/wp-content\/uploads\/2025\/04\/7b1d010e-48b3-4503-96f0-1a4c2556a8d8-576x1024.jpg\" alt=\"\" class=\"wp-image-37120\" srcset=\"https:\/\/radiostudiow.com.br\/site\/wp-content\/uploads\/2025\/04\/7b1d010e-48b3-4503-96f0-1a4c2556a8d8-576x1024.jpg 576w, https:\/\/radiostudiow.com.br\/site\/wp-content\/uploads\/2025\/04\/7b1d010e-48b3-4503-96f0-1a4c2556a8d8-169x300.jpg 169w, https:\/\/radiostudiow.com.br\/site\/wp-content\/uploads\/2025\/04\/7b1d010e-48b3-4503-96f0-1a4c2556a8d8.jpg 720w\" sizes=\"auto, (max-width: 576px) 100vw, 576px\" \/><\/figure>\n\n\n\n<p><\/p>\n\n\n\n<p>De acordo com informa\u00e7\u00f5es da Pol\u00edcia Rodovi\u00e1ria Federal (PRF), a colis\u00e3o foi do tipo transversal, seguida de sa\u00edda de pista.<\/p>\n\n\n\n<p><strong>Tr\u00eas pessoas ocupavam o carro de passeio: a condutora, de 50 anos, que saiu ilesa; um adolescente de 15 anos, tamb\u00e9m sem ferimentos; e um idoso de 74 anos, que sofreu les\u00f5es leves e foi encaminhado para atendimento m\u00e9dico em uma unidade de sa\u00fade de Rebou\u00e7as.<\/strong><\/p>\n\n\n\n<p><\/p>\n\n\n\n<figure class=\"wp-block-image size-full\"><img decoding=\"async\" src=\"https:\/\/radiostudiow.com.br\/site\/wp-content\/uploads\/2024\/01\/SITE-GRANDE.png\" alt=\"\" class=\"wp-image-18949\"\/><\/figure>\n\n\n\n<p><\/p>\n\n\n\n<figure class=\"wp-block-image size-large\"><img loading=\"lazy\" decoding=\"async\" width=\"576\" height=\"1024\" src=\"https:\/\/radiostudiow.com.br\/site\/wp-content\/uploads\/2025\/04\/d2c147ae-41f1-446a-bba8-3cde25aff454-576x1024.jpg\" alt=\"\" class=\"wp-image-37121\" srcset=\"https:\/\/radiostudiow.com.br\/site\/wp-content\/uploads\/2025\/04\/d2c147ae-41f1-446a-bba8-3cde25aff454-576x1024.jpg 576w, https:\/\/radiostudiow.com.br\/site\/wp-content\/uploads\/2025\/04\/d2c147ae-41f1-446a-bba8-3cde25aff454-169x300.jpg 169w, https:\/\/radiostudiow.com.br\/site\/wp-content\/uploads\/2025\/04\/d2c147ae-41f1-446a-bba8-3cde25aff454.jpg 720w\" sizes=\"auto, (max-width: 576px) 100vw, 576px\" \/><\/figure>\n\n\n\n<p><\/p>\n\n\n\n<p>O condutor do caminh\u00e3o, de 50 anos, n\u00e3o se feriu. Tanto ele quanto a motorista do ve\u00edculo de passeio realizaram o teste do baf\u00f4metro, que apontou resultado negativo para ingest\u00e3o de \u00e1lcool.<\/p>\n\n\n\n<p>A rodovia ficou parcialmente interditada at\u00e9 a retirada dos ve\u00edculos e a normaliza\u00e7\u00e3o do tr\u00e1fego.<\/p>\n\n\n\n<h2 class=\"wp-block-heading\">Informa\u00e7\u00f5es PRF \/ Rep\u00f3rter Kiko de Oliveira<\/h2>\n\n\n\n<h2 class=\"wp-block-heading\">Imagens Rede Social\/Divulga\u00e7\u00e3o<\/h2>\n\n\n\n<h2 class=\"wp-block-heading\"><\/h2>\n\n\n\n<figure class=\"wp-block-image size-full\"><img loading=\"lazy\" decoding=\"async\" width=\"598\" height=\"204\" src=\"https:\/\/radiostudiow.com.br\/site\/wp-content\/uploads\/2025\/01\/SITE-MEDIO7.png\" alt=\"\" class=\"wp-image-32801\" srcset=\"https:\/\/radiostudiow.com.br\/site\/wp-content\/uploads\/2025\/01\/SITE-MEDIO7.png 598w, https:\/\/radiostudiow.com.br\/site\/wp-content\/uploads\/2025\/01\/SITE-MEDIO7-300x102.png 300w\" sizes=\"auto, (max-width: 598px) 100vw, 598px\" \/><\/figure>\n","protected":false},"excerpt":{"rendered":"<p>Colis\u00e3o transversal seguida de sa\u00edda de pista ocorreu na tarde de domingo (20); idoso de 74 anos teve ferimentos leves Um acidente envolvendo um autom\u00f3vel Renault Captur, com placas de Balne\u00e1rio Cambori\u00fa (SC), e um caminh\u00e3o Ford F4000, com placas de Rebou\u00e7as (PR), foi registrado na tarde deste domingo (20), por volta das 15h, no [&hellip;]<\/p>\n","protected":false},"author":2,"featured_media":37122,"comment_status":"open","ping_status":"open","sticky":false,"template":"","format":"standard","meta":{"footnotes":""},"categories":[185],"tags":[172],"class_list":["post-37119","post","type-post","status-publish","format-standard","has-post-thumbnail","hentry","category-regional","tag-featured"],"amp_enabled":true,"_links":{"self":[{"href":"https:\/\/radiostudiow.com.br\/site\/wp-json\/wp\/v2\/posts\/37119","targetHints":{"allow":["GET"]}}],"collection":[{"href":"https:\/\/radiostudiow.com.br\/site\/wp-json\/wp\/v2\/posts"}],"about":[{"href":"https:\/\/radiostudiow.com.br\/site\/wp-json\/wp\/v2\/types\/post"}],"author":[{"embeddable":true,"href":"https:\/\/radiostudiow.com.br\/site\/wp-json\/wp\/v2\/users\/2"}],"replies":[{"embeddable":true,"href":"https:\/\/radiostudiow.com.br\/site\/wp-json\/wp\/v2\/comments?post=37119"}],"version-history":[{"count":1,"href":"https:\/\/radiostudiow.com.br\/site\/wp-json\/wp\/v2\/posts\/37119\/revisions"}],"predecessor-version":[{"id":37123,"href":"https:\/\/radiostudiow.com.br\/site\/wp-json\/wp\/v2\/posts\/37119\/revisions\/37123"}],"wp:featuredmedia":[{"embeddable":true,"href":"https:\/\/radiostudiow.com.br\/site\/wp-json\/wp\/v2\/media\/37122"}],"wp:attachment":[{"href":"https:\/\/radiostudiow.com.br\/site\/wp-json\/wp\/v2\/media?parent=37119"}],"wp:term":[{"taxonomy":"category","embeddable":true,"href":"https:\/\/radiostudiow.com.br\/site\/wp-json\/wp\/v2\/categories?post=37119"},{"taxonomy":"post_tag","embeddable":true,"href":"https:\/\/radiostudiow.com.br\/site\/wp-json\/wp\/v2\/tags?post=37119"}],"curies":[{"name":"wp","href":"https:\/\/api.w.org\/{rel}","templated":true}]}}