{"id":37124,"date":"2025-04-21T11:36:11","date_gmt":"2025-04-21T14:36:11","guid":{"rendered":"https:\/\/radiostudiow.com.br\/site\/?p=37124"},"modified":"2025-04-21T11:36:11","modified_gmt":"2025-04-21T14:36:11","slug":"jovem-morre-apos-acidente-de-moto-na-pr-170-em-bituruna","status":"publish","type":"post","link":"https:\/\/radiostudiow.com.br\/site\/2025\/04\/21\/jovem-morre-apos-acidente-de-moto-na-pr-170-em-bituruna\/","title":{"rendered":"Jovem morre ap\u00f3s acidente de moto na PR-170, em Bituruna"},"content":{"rendered":"\n<p><\/p>\n\n\n\n<figure class=\"wp-block-image size-full\"><img loading=\"lazy\" decoding=\"async\" width=\"598\" height=\"204\" src=\"https:\/\/radiostudiow.com.br\/site\/wp-content\/uploads\/2024\/10\/labirati.png\" alt=\"\" class=\"wp-image-28854\" srcset=\"https:\/\/radiostudiow.com.br\/site\/wp-content\/uploads\/2024\/10\/labirati.png 598w, https:\/\/radiostudiow.com.br\/site\/wp-content\/uploads\/2024\/10\/labirati-300x102.png 300w\" sizes=\"auto, (max-width: 598px) 100vw, 598px\" \/><\/figure>\n\n\n\n<p><\/p>\n\n\n\n<p><strong>Motociclista de 25 anos perdeu o controle do ve\u00edculo ao passar por lombada e colidiu contra \u00e1rvore<\/strong><\/p>\n\n\n\n<p>Um grave acidente registrado por volta da meia-noite deste domingo (20), resultou na morte de um motociclista na PR-170, no munic\u00edpio de Bituruna, regi\u00e3o sul do Paran\u00e1.<\/p>\n\n\n\n<p>A v\u00edtima foi identificada como Michael Bueno, de 25 anos. Segundo informa\u00e7\u00f5es apuradas no local e relatos de testemunhas, o jovem pilotava uma motocicleta esportiva Yamaha R3, de cor azul, quando perdeu o controle do ve\u00edculo ao passar por uma lombada. Na sequ\u00eancia, a moto saiu da pista e colidiu violentamente contra uma \u00e1rvore \u00e0s margens da rodovia.<\/p>\n\n\n\n<figure class=\"wp-block-image size-full\"><img loading=\"lazy\" decoding=\"async\" width=\"300\" height=\"250\" src=\"https:\/\/radiostudiow.com.br\/site\/wp-content\/uploads\/2025\/04\/n.jpg\" alt=\"\" class=\"wp-image-37127\"\/><\/figure>\n\n\n\n<p><\/p>\n\n\n\n<figure class=\"wp-block-image size-full\"><img loading=\"lazy\" decoding=\"async\" width=\"897\" height=\"204\" src=\"https:\/\/radiostudiow.com.br\/site\/wp-content\/uploads\/2025\/02\/SITE-GRANDE7.png\" alt=\"\" class=\"wp-image-33861\" srcset=\"https:\/\/radiostudiow.com.br\/site\/wp-content\/uploads\/2025\/02\/SITE-GRANDE7.png 897w, https:\/\/radiostudiow.com.br\/site\/wp-content\/uploads\/2025\/02\/SITE-GRANDE7-300x68.png 300w, https:\/\/radiostudiow.com.br\/site\/wp-content\/uploads\/2025\/02\/SITE-GRANDE7-768x175.png 768w\" sizes=\"auto, (max-width: 897px) 100vw, 897px\" \/><\/figure>\n\n\n\n<p><\/p>\n\n\n\n<p>O impacto foi fatal. Michael morreu no local antes da chegada do socorro. Equipes da Pol\u00edcia e da per\u00edcia estiveram na cena para registrar a ocorr\u00eancia e investigar as circunst\u00e2ncias do acidente.<\/p>\n\n\n\n<p>O corpo foi recolhido e encaminhado ao Instituto M\u00e9dico Legal (IML) de Uni\u00e3o da Vit\u00f3ria.<\/p>\n\n\n\n<p><\/p>\n\n\n\n<p>FONTE E FOTOS: VVALE<\/p>\n","protected":false},"excerpt":{"rendered":"<p>Motociclista de 25 anos perdeu o controle do ve\u00edculo ao passar por lombada e colidiu contra \u00e1rvore Um grave acidente registrado por volta da meia-noite deste domingo (20), resultou na morte de um motociclista na PR-170, no munic\u00edpio de Bituruna, regi\u00e3o sul do Paran\u00e1. A v\u00edtima foi identificada como Michael Bueno, de 25 anos. Segundo [&hellip;]<\/p>\n","protected":false},"author":2,"featured_media":37128,"comment_status":"open","ping_status":"open","sticky":false,"template":"","format":"standard","meta":{"footnotes":""},"categories":[185],"tags":[172],"class_list":["post-37124","post","type-post","status-publish","format-standard","has-post-thumbnail","hentry","category-regional","tag-featured"],"amp_enabled":true,"_links":{"self":[{"href":"https:\/\/radiostudiow.com.br\/site\/wp-json\/wp\/v2\/posts\/37124","targetHints":{"allow":["GET"]}}],"collection":[{"href":"https:\/\/radiostudiow.com.br\/site\/wp-json\/wp\/v2\/posts"}],"about":[{"href":"https:\/\/radiostudiow.com.br\/site\/wp-json\/wp\/v2\/types\/post"}],"author":[{"embeddable":true,"href":"https:\/\/radiostudiow.com.br\/site\/wp-json\/wp\/v2\/users\/2"}],"replies":[{"embeddable":true,"href":"https:\/\/radiostudiow.com.br\/site\/wp-json\/wp\/v2\/comments?post=37124"}],"version-history":[{"count":1,"href":"https:\/\/radiostudiow.com.br\/site\/wp-json\/wp\/v2\/posts\/37124\/revisions"}],"predecessor-version":[{"id":37129,"href":"https:\/\/radiostudiow.com.br\/site\/wp-json\/wp\/v2\/posts\/37124\/revisions\/37129"}],"wp:featuredmedia":[{"embeddable":true,"href":"https:\/\/radiostudiow.com.br\/site\/wp-json\/wp\/v2\/media\/37128"}],"wp:attachment":[{"href":"https:\/\/radiostudiow.com.br\/site\/wp-json\/wp\/v2\/media?parent=37124"}],"wp:term":[{"taxonomy":"category","embeddable":true,"href":"https:\/\/radiostudiow.com.br\/site\/wp-json\/wp\/v2\/categories?post=37124"},{"taxonomy":"post_tag","embeddable":true,"href":"https:\/\/radiostudiow.com.br\/site\/wp-json\/wp\/v2\/tags?post=37124"}],"curies":[{"name":"wp","href":"https:\/\/api.w.org\/{rel}","templated":true}]}}