{"id":37130,"date":"2025-04-21T12:00:42","date_gmt":"2025-04-21T15:00:42","guid":{"rendered":"https:\/\/radiostudiow.com.br\/site\/?p=37130"},"modified":"2025-04-21T12:00:43","modified_gmt":"2025-04-21T15:00:43","slug":"apos-confusao-com-15-pessoas-mulher-e-presa-por-posse-ilegal-de-arma","status":"publish","type":"post","link":"https:\/\/radiostudiow.com.br\/site\/2025\/04\/21\/apos-confusao-com-15-pessoas-mulher-e-presa-por-posse-ilegal-de-arma\/","title":{"rendered":"Ap\u00f3s confus\u00e3o com 15 pessoas, mulher \u00e9 presa por posse ilegal de arma"},"content":{"rendered":"\n<p><\/p>\n\n\n\n<figure class=\"wp-block-image size-full\"><img loading=\"lazy\" decoding=\"async\" width=\"897\" height=\"204\" src=\"https:\/\/radiostudiow.com.br\/site\/wp-content\/uploads\/2025\/03\/BARAO-NOVO-NOTICIAS-1.jpg\" alt=\"\" class=\"wp-image-35084\" srcset=\"https:\/\/radiostudiow.com.br\/site\/wp-content\/uploads\/2025\/03\/BARAO-NOVO-NOTICIAS-1.jpg 897w, https:\/\/radiostudiow.com.br\/site\/wp-content\/uploads\/2025\/03\/BARAO-NOVO-NOTICIAS-1-300x68.jpg 300w, https:\/\/radiostudiow.com.br\/site\/wp-content\/uploads\/2025\/03\/BARAO-NOVO-NOTICIAS-1-768x175.jpg 768w\" sizes=\"auto, (max-width: 897px) 100vw, 897px\" \/><\/figure>\n\n\n\n<p><\/p>\n\n\n\n<p>A Pol\u00edcia Militar foi acionada para conter uma rixa no munic\u00edpio de General Carneiro e encontrou espingarda modificada no local; suspeita foi encaminhada \u00e0 delegacia.<\/p>\n\n\n\n<p>Na madrugada desta segunda-feira (21), uma equipe da Pol\u00edcia Militar foi acionada para atender a uma ocorr\u00eancia de rixa envolvendo cerca de 15 pessoas no bairro S\u00e3o Jo\u00e3o, em General Carneiro.<\/p>\n\n\n\n<p>Nas proximidades do local, um transeunte informou aos policiais que uma mulher estaria amea\u00e7ando os envolvidos com uma espingarda. Ao chegar \u00e0 resid\u00eancia indicada, os agentes encontraram tr\u00eas pessoas no p\u00e1tio. Durante a abordagem, uma espingarda foi avistada sobre um sof\u00e1 no interior da casa.<\/p>\n\n\n\n<p>A propriet\u00e1ria do im\u00f3vel assumiu a posse da arma, identificada como uma espingarda de press\u00e3o adaptada para o calibre .22.<\/p>\n\n\n\n<p> Al\u00e9m da arma, foram localizadas duas muni\u00e7\u00f5es intactas e uma deflagrada.<\/p>\n\n\n\n<p><\/p>\n\n\n\n<figure class=\"wp-block-image size-full\"><img loading=\"lazy\" decoding=\"async\" width=\"897\" height=\"204\" src=\"https:\/\/radiostudiow.com.br\/site\/wp-content\/uploads\/2025\/03\/SITE-GRANDE5.png\" alt=\"\" class=\"wp-image-35420\" srcset=\"https:\/\/radiostudiow.com.br\/site\/wp-content\/uploads\/2025\/03\/SITE-GRANDE5.png 897w, https:\/\/radiostudiow.com.br\/site\/wp-content\/uploads\/2025\/03\/SITE-GRANDE5-300x68.png 300w, https:\/\/radiostudiow.com.br\/site\/wp-content\/uploads\/2025\/03\/SITE-GRANDE5-768x175.png 768w\" sizes=\"auto, (max-width: 897px) 100vw, 897px\" \/><\/figure>\n\n\n\n<p><\/p>\n\n\n\n<p>Diante da configura\u00e7\u00e3o de posse ilegal de arma de fogo, a mulher recebeu voz de pris\u00e3o. Ap\u00f3s ter seus direitos constitucionais informados, ela foi encaminhada \u00e0 Delegacia de Pol\u00edcia Civil para os procedimentos legais cab\u00edveis.<\/p>\n\n\n\n<p><\/p>\n\n\n\n<p>FONTE: 27\u00ba BPM<\/p>\n\n\n\n<p><\/p>\n","protected":false},"excerpt":{"rendered":"<p>A Pol\u00edcia Militar foi acionada para conter uma rixa no munic\u00edpio de General Carneiro e encontrou espingarda modificada no local; suspeita foi encaminhada \u00e0 delegacia. Na madrugada desta segunda-feira (21), uma equipe da Pol\u00edcia Militar foi acionada para atender a uma ocorr\u00eancia de rixa envolvendo cerca de 15 pessoas no bairro S\u00e3o Jo\u00e3o, em General [&hellip;]<\/p>\n","protected":false},"author":2,"featured_media":37131,"comment_status":"open","ping_status":"open","sticky":false,"template":"","format":"standard","meta":{"footnotes":""},"categories":[2],"tags":[172],"class_list":["post-37130","post","type-post","status-publish","format-standard","has-post-thumbnail","hentry","category-policial","tag-featured"],"amp_enabled":true,"_links":{"self":[{"href":"https:\/\/radiostudiow.com.br\/site\/wp-json\/wp\/v2\/posts\/37130","targetHints":{"allow":["GET"]}}],"collection":[{"href":"https:\/\/radiostudiow.com.br\/site\/wp-json\/wp\/v2\/posts"}],"about":[{"href":"https:\/\/radiostudiow.com.br\/site\/wp-json\/wp\/v2\/types\/post"}],"author":[{"embeddable":true,"href":"https:\/\/radiostudiow.com.br\/site\/wp-json\/wp\/v2\/users\/2"}],"replies":[{"embeddable":true,"href":"https:\/\/radiostudiow.com.br\/site\/wp-json\/wp\/v2\/comments?post=37130"}],"version-history":[{"count":1,"href":"https:\/\/radiostudiow.com.br\/site\/wp-json\/wp\/v2\/posts\/37130\/revisions"}],"predecessor-version":[{"id":37132,"href":"https:\/\/radiostudiow.com.br\/site\/wp-json\/wp\/v2\/posts\/37130\/revisions\/37132"}],"wp:featuredmedia":[{"embeddable":true,"href":"https:\/\/radiostudiow.com.br\/site\/wp-json\/wp\/v2\/media\/37131"}],"wp:attachment":[{"href":"https:\/\/radiostudiow.com.br\/site\/wp-json\/wp\/v2\/media?parent=37130"}],"wp:term":[{"taxonomy":"category","embeddable":true,"href":"https:\/\/radiostudiow.com.br\/site\/wp-json\/wp\/v2\/categories?post=37130"},{"taxonomy":"post_tag","embeddable":true,"href":"https:\/\/radiostudiow.com.br\/site\/wp-json\/wp\/v2\/tags?post=37130"}],"curies":[{"name":"wp","href":"https:\/\/api.w.org\/{rel}","templated":true}]}}